{"id":31626,"date":"2025-04-17T12:11:12","date_gmt":"2025-04-17T12:11:12","guid":{"rendered":"https:\/\/www.europesays.com\/fr\/31626\/"},"modified":"2025-04-17T12:11:12","modified_gmt":"2025-04-17T12:11:12","slug":"liran-nest-pas-loin-davoir-la-bombe-nucleaire-alerte-lagence-internationale-de-lenergie-atomique","status":"publish","type":"post","link":"https:\/\/www.europesays.com\/fr\/31626\/","title":{"rendered":"L\u2019Iran n\u2019est \u00ab\u00a0pas loin\u00a0\u00bb d&rsquo;avoir la bombe nucl\u00e9aire, alerte l\u2019Agence internationale de l\u2019\u00e9nergie atomique"},"content":{"rendered":"<p>Une menace de plus pour la r\u00e9gion\u00a0? Malgr\u00e9 les promesses de <a href=\"https:\/\/www.20minutes.fr\/monde\/teheran\/\" target=\"_blank\" class=\"color-ultramarine c-link\" rel=\"nofollow noopener\">T\u00e9h\u00e9ran<\/a> qui assure ne pas avoir <a href=\"https:\/\/www.20minutes.fr\/dossier\/bombe_atomique\" target=\"_blank\" class=\"color-ultramarine c-link\" rel=\"nofollow noopener\">l\u2019arme nucl\u00e9aire<\/a>, des indices semblent indiquer le contraire ou presque. Juste avant son d\u00e9placement en Iran, le directeur g\u00e9n\u00e9ral de <a href=\"https:\/\/www.20minutes.fr\/monde\/aiea\/\" target=\"_blank\" class=\"color-ultramarine c-link\" rel=\"nofollow noopener\">l\u2019Agence internationale de l\u2019\u00e9nergie atomique<\/a> (AIEA) a estim\u00e9 que le pays n\u2019\u00e9tait \u00ab\u00a0pas loin\u00a0\u00bb de disposer de la bombe atomique, dans un entretien au journal <a href=\"https:\/\/www.lemonde.fr\/international\/article\/2025\/04\/16\/rafael-grossi-directeur-de-l-aiea-sans-nous-tout-accord-sur-l-iran-n-est-qu-une-feuille-de-papier_6596609_3210.html\" rel=\"nofollow noopener\" target=\"_blank\" class=\"color-ultramarine c-link\">Le Monde<\/a> publi\u00e9 mercredi.<\/p>\n<p>\u00ab\u00a0C\u2019est comme un puzzle, ils ont les pi\u00e8ces et ils pourraient \u00e9ventuellement un jour les mettre ensemble. Il reste du chemin \u00e0 parcourir avant d\u2019y parvenir. Mais ils n\u2019en sont pas loin, il faut le reconna\u00eetre, a averti Rafael Mariano Grossi. Ces quatre derni\u00e8res ann\u00e9es, on a constat\u00e9 une acc\u00e9l\u00e9ration tr\u00e8s soutenue de la part de l\u2019<a href=\"https:\/\/www.20minutes.fr\/monde\/iran\/\" target=\"_blank\" class=\"color-ultramarine c-link\" rel=\"nofollow noopener\">Iran<\/a> dans ce domaine.\u00a0\u00bb.<\/p>\n<p>Des discussions pr\u00e9vues<\/p>\n<p>\u00ab\u00a0Il ne suffit pas de dire \u00e0 la communaut\u00e9 internationale \u00ab\u00a0nous n\u2019avons pas l\u2019arme nucl\u00e9aire\u00a0\u00bb pour que l\u2019on vous croie. Il faut que nous puissions v\u00e9rifier\u00a0\u00bb, a-t-il ajout\u00e9.<\/p>\n<\/p>\n<p>Quelques heures apr\u00e8s, il s\u2019envolait pour T\u00e9h\u00e9ran o\u00f9 il doit rencontrer, d\u00e8s mercredi soir, \u00ab\u00a0le ministre iranien des Affaires \u00e9trang\u00e8res, Abbas Araghchi, et jeudi le chef de l\u2019Organisation de l\u2019\u00e9nergie atomique d\u2019Iran, Mohammad Eslami\u00a0\u00bb, a pr\u00e9cis\u00e9 l\u2019agence locale Isna.<\/p>\n","protected":false},"excerpt":{"rendered":"Une menace de plus pour la r\u00e9gion\u00a0? Malgr\u00e9 les promesses de T\u00e9h\u00e9ran qui assure ne pas avoir l\u2019arme&hellip;\n","protected":false},"author":2,"featured_media":31627,"comment_status":"","ping_status":"","sticky":false,"template":"","format":"standard","meta":{"footnotes":""},"categories":[2],"tags":[47,11,10733,10735,7613,1011,27,3019,74,12,3020,7612,10734],"class_list":{"0":"post-31626","1":"post","2":"type-post","3":"status-publish","4":"format-standard","5":"has-post-thumbnail","7":"category-actualites","8":"tag-actualite","9":"tag-actualites","10":"tag-aiea","11":"tag-bombe-nucleaire","12":"tag-conflit-au-proche-orient","13":"tag-fr","14":"tag-france","15":"tag-iran","16":"tag-monde","17":"tag-news","18":"tag-nucleaire-iranien","19":"tag-proche-orient","20":"tag-teheran"},"share_on_mastodon":{"url":"https:\/\/pubeurope.com\/@fr\/114353241023559565","error":""},"_links":{"self":[{"href":"https:\/\/www.europesays.com\/fr\/wp-json\/wp\/v2\/posts\/31626","targetHints":{"allow":["GET"]}}],"collection":[{"href":"https:\/\/www.europesays.com\/fr\/wp-json\/wp\/v2\/posts"}],"about":[{"href":"https:\/\/www.europesays.com\/fr\/wp-json\/wp\/v2\/types\/post"}],"author":[{"embeddable":true,"href":"https:\/\/www.europesays.com\/fr\/wp-json\/wp\/v2\/users\/2"}],"replies":[{"embeddable":true,"href":"https:\/\/www.europesays.com\/fr\/wp-json\/wp\/v2\/comments?post=31626"}],"version-history":[{"count":0,"href":"https:\/\/www.europesays.com\/fr\/wp-json\/wp\/v2\/posts\/31626\/revisions"}],"wp:featuredmedia":[{"embeddable":true,"href":"https:\/\/www.europesays.com\/fr\/wp-json\/wp\/v2\/media\/31627"}],"wp:attachment":[{"href":"https:\/\/www.europesays.com\/fr\/wp-json\/wp\/v2\/media?parent=31626"}],"wp:term":[{"taxonomy":"category","embeddable":true,"href":"https:\/\/www.europesays.com\/fr\/wp-json\/wp\/v2\/categories?post=31626"},{"taxonomy":"post_tag","embeddable":true,"href":"https:\/\/www.europesays.com\/fr\/wp-json\/wp\/v2\/tags?post=31626"}],"curies":[{"name":"wp","href":"https:\/\/api.w.org\/{rel}","templated":true}]}}