{"id":316260,"date":"2025-08-13T12:42:15","date_gmt":"2025-08-13T12:42:15","guid":{"rendered":"https:\/\/www.europesays.com\/fr\/316260\/"},"modified":"2025-08-13T12:42:15","modified_gmt":"2025-08-13T12:42:15","slug":"a-peine-sorti-de-prison-il-met-un-coup-de-tesson-de-bouteille-a-un-homme-qui-parlait-a-son-amie","status":"publish","type":"post","link":"https:\/\/www.europesays.com\/fr\/316260\/","title":{"rendered":"\u00e0 peine sorti de prison, il met un coup de tesson de bouteille \u00e0 un homme qui parlait \u00e0 son amie"},"content":{"rendered":"<p itemprop=\"description\"><strong>Le 1er ao\u00fbt dernier, un homme originaire de Gleiz\u00e9 n&rsquo;a pas su se contenir.<\/strong><\/p>\n<p>Il \u00e9tait pourtant sorti de prison il y a deux semaines. Mais le trentenaire aux 34 mentions sur le casier judiciaire et aux 4 tentatives d&rsquo;\u00e9vasion a vu rouge lorsqu&rsquo;il a aper\u00e7u un homme parler \u00e0 son amie. Persuad\u00e9 qu&rsquo;un an plus t\u00f4t, ce m\u00eame individu agressait sexuellement la femme, il a souhait\u00e9 donner une le\u00e7on au \u00ab\u00a0pointeur\u00a0\u00bb qui avait le toupet de revenir \u00e0 la charge.<\/p>\n<p>S&#8217;emparant d&rsquo;un tesson de bouteille, il avait frapp\u00e9 sa cible au visage (10 jours d&rsquo;ITT).<\/p>\n<p>Jug\u00e9 en comparution imm\u00e9diate, le pr\u00e9venu a d\u00fb s&rsquo;expliquer sur plusieurs points. Et notamment le fait qu&rsquo;il se trouvait \u00e0 Villefranche-sur-Sa\u00f4ne, ville o\u00f9 il avait interdiction de para\u00eetre.<\/p>\n<p>Ses arguments, bas\u00e9s sur une enfance difficile et une r\u00e9insertion compliqu\u00e9e, n&rsquo;ont pas convaincu le parquet qui a requis 3 ans de prison ferme.<\/p>\n<p>Les juges caladois ont revu l\u00e9g\u00e8rement leur peine \u00e0 la baisse, pronon\u00e7ant 2 ans et demi de prison ferme, avec mandat de d\u00e9p\u00f4t.<\/p>\n","protected":false},"excerpt":{"rendered":"Le 1er ao\u00fbt dernier, un homme originaire de Gleiz\u00e9 n&rsquo;a pas su se contenir. Il \u00e9tait pourtant sorti&hellip;\n","protected":false},"author":2,"featured_media":316261,"comment_status":"","ping_status":"","sticky":false,"template":"","format":"standard","meta":{"footnotes":""},"categories":[1889],"tags":[1111,11,2813,2190,2430,1109,251,1112,2811,1777,674,118,1011,27,1922,1110,1114,2428,2810,12,241,316,25,2812,517,800],"class_list":{"0":"post-316260","1":"post","2":"type-post","3":"status-publish","4":"format-standard","5":"has-post-thumbnail","7":"category-lyon","8":"tag-actu","9":"tag-actualites","10":"tag-article","11":"tag-asvel","12":"tag-auvergne-rhone-alpes","13":"tag-breves","14":"tag-culture","15":"tag-depeches","16":"tag-economique","17":"tag-eu","18":"tag-europe","19":"tag-faits-divers","20":"tag-fr","21":"tag-france","22":"tag-info","23":"tag-informations","24":"tag-infos","25":"tag-lyon","26":"tag-lyonmag","27":"tag-news","28":"tag-ol","29":"tag-politique","30":"tag-republique-francaise","31":"tag-sociale","32":"tag-sport","33":"tag-transports"},"share_on_mastodon":{"url":"https:\/\/pubeurope.com\/@fr\/115021515592120152","error":""},"_links":{"self":[{"href":"https:\/\/www.europesays.com\/fr\/wp-json\/wp\/v2\/posts\/316260","targetHints":{"allow":["GET"]}}],"collection":[{"href":"https:\/\/www.europesays.com\/fr\/wp-json\/wp\/v2\/posts"}],"about":[{"href":"https:\/\/www.europesays.com\/fr\/wp-json\/wp\/v2\/types\/post"}],"author":[{"embeddable":true,"href":"https:\/\/www.europesays.com\/fr\/wp-json\/wp\/v2\/users\/2"}],"replies":[{"embeddable":true,"href":"https:\/\/www.europesays.com\/fr\/wp-json\/wp\/v2\/comments?post=316260"}],"version-history":[{"count":0,"href":"https:\/\/www.europesays.com\/fr\/wp-json\/wp\/v2\/posts\/316260\/revisions"}],"wp:featuredmedia":[{"embeddable":true,"href":"https:\/\/www.europesays.com\/fr\/wp-json\/wp\/v2\/media\/316261"}],"wp:attachment":[{"href":"https:\/\/www.europesays.com\/fr\/wp-json\/wp\/v2\/media?parent=316260"}],"wp:term":[{"taxonomy":"category","embeddable":true,"href":"https:\/\/www.europesays.com\/fr\/wp-json\/wp\/v2\/categories?post=316260"},{"taxonomy":"post_tag","embeddable":true,"href":"https:\/\/www.europesays.com\/fr\/wp-json\/wp\/v2\/tags?post=316260"}],"curies":[{"name":"wp","href":"https:\/\/api.w.org\/{rel}","templated":true}]}}