{"id":316262,"date":"2025-08-13T12:43:13","date_gmt":"2025-08-13T12:43:13","guid":{"rendered":"https:\/\/www.europesays.com\/fr\/316262\/"},"modified":"2025-08-13T12:43:13","modified_gmt":"2025-08-13T12:43:13","slug":"des-coups-de-feu-a-francheville-une-histoire-de-coeur-qui-tourne-mal","status":"publish","type":"post","link":"https:\/\/www.europesays.com\/fr\/316262\/","title":{"rendered":"des coups de feu \u00e0 Francheville, une histoire de coeur qui tourne mal ?"},"content":{"rendered":"<p itemprop=\"description\"><strong>Il est rare que le nom de Francheville soit m\u00eal\u00e9 \u00e0 un fait divers, d&rsquo;autant plus avec des tirs d&rsquo;arme de poing.<\/strong><\/p>\n<p>Pourtant, ce mardi soir vers 19h, ce sont bien des coups de feu qui ont claqu\u00e9 dans le quartier du Grillon. Un homme aurait tir\u00e9 \u00e0 trois reprises sur un v\u00e9hicule stationn\u00e9 avant de prendre la fuite.<\/p>\n<p>La gendarmerie de Francheville est charg\u00e9e de l&rsquo;enqu\u00eate. Selon les premiers \u00e9l\u00e9ments, il s&rsquo;agirait d&rsquo;une histoire de coeur qui tourne mal, avec une rivalit\u00e9 entre deux hommes.<\/p>\n","protected":false},"excerpt":{"rendered":"Il est rare que le nom de Francheville soit m\u00eal\u00e9 \u00e0 un fait divers, d&rsquo;autant plus avec des&hellip;\n","protected":false},"author":2,"featured_media":316263,"comment_status":"","ping_status":"","sticky":false,"template":"","format":"standard","meta":{"footnotes":""},"categories":[1889],"tags":[1111,11,2813,2190,2430,1109,251,1112,2811,1777,674,118,1011,27,1922,1110,1114,2428,2810,12,241,316,25,2812,517,800],"class_list":{"0":"post-316262","1":"post","2":"type-post","3":"status-publish","4":"format-standard","5":"has-post-thumbnail","7":"category-lyon","8":"tag-actu","9":"tag-actualites","10":"tag-article","11":"tag-asvel","12":"tag-auvergne-rhone-alpes","13":"tag-breves","14":"tag-culture","15":"tag-depeches","16":"tag-economique","17":"tag-eu","18":"tag-europe","19":"tag-faits-divers","20":"tag-fr","21":"tag-france","22":"tag-info","23":"tag-informations","24":"tag-infos","25":"tag-lyon","26":"tag-lyonmag","27":"tag-news","28":"tag-ol","29":"tag-politique","30":"tag-republique-francaise","31":"tag-sociale","32":"tag-sport","33":"tag-transports"},"share_on_mastodon":{"url":"https:\/\/pubeurope.com\/@fr\/115021519519846104","error":""},"_links":{"self":[{"href":"https:\/\/www.europesays.com\/fr\/wp-json\/wp\/v2\/posts\/316262","targetHints":{"allow":["GET"]}}],"collection":[{"href":"https:\/\/www.europesays.com\/fr\/wp-json\/wp\/v2\/posts"}],"about":[{"href":"https:\/\/www.europesays.com\/fr\/wp-json\/wp\/v2\/types\/post"}],"author":[{"embeddable":true,"href":"https:\/\/www.europesays.com\/fr\/wp-json\/wp\/v2\/users\/2"}],"replies":[{"embeddable":true,"href":"https:\/\/www.europesays.com\/fr\/wp-json\/wp\/v2\/comments?post=316262"}],"version-history":[{"count":0,"href":"https:\/\/www.europesays.com\/fr\/wp-json\/wp\/v2\/posts\/316262\/revisions"}],"wp:featuredmedia":[{"embeddable":true,"href":"https:\/\/www.europesays.com\/fr\/wp-json\/wp\/v2\/media\/316263"}],"wp:attachment":[{"href":"https:\/\/www.europesays.com\/fr\/wp-json\/wp\/v2\/media?parent=316262"}],"wp:term":[{"taxonomy":"category","embeddable":true,"href":"https:\/\/www.europesays.com\/fr\/wp-json\/wp\/v2\/categories?post=316262"},{"taxonomy":"post_tag","embeddable":true,"href":"https:\/\/www.europesays.com\/fr\/wp-json\/wp\/v2\/tags?post=316262"}],"curies":[{"name":"wp","href":"https:\/\/api.w.org\/{rel}","templated":true}]}}