{"id":316265,"date":"2025-08-13T12:45:11","date_gmt":"2025-08-13T12:45:11","guid":{"rendered":"https:\/\/www.europesays.com\/fr\/316265\/"},"modified":"2025-08-13T12:45:11","modified_gmt":"2025-08-13T12:45:11","slug":"deux-cas-autochtones-confirmes-en-ile-de-france","status":"publish","type":"post","link":"https:\/\/www.europesays.com\/fr\/316265\/","title":{"rendered":"deux cas autochtones confirm\u00e9s en \u00cele-de-France"},"content":{"rendered":"<p>    Le virus du Nil occidental est transmis \u00e0 l\u2019homme principalement par la piq\u00fbre d\u2019un moustique du genre Culex, commun dans l\u2019Hexagone et surtout actif le soir et la nuit.<br \/>\n                MARTIN LELIEVRE \/ AFP<\/p>\n<p>Un premier cas autochtone, c\u2019est-\u00e0-dire infect\u00e9 sans voyage pr\u00e9alable dans un pays expos\u00e9 de fa\u00e7on end\u00e9mique \u00e0 la maladie, avait \u00e9t\u00e9 d\u00e9tect\u00e9 dans le Var mi-juillet.<\/p>\n<p class=\"fig-paragraph\">Apr\u00e8s un premier cas autochtone d\u00e9tect\u00e9 dans le\u00a0<a href=\"http:\/\/www.lefigaro.fr\/marseille\/var-deux-nouveaux-cas-d-infection-au-virus-du-nil-occidental-20240821\" target=\"_blank\" data-fig-type=\"NewsFlash\" rel=\"noopener\" data-gtm-custom-categorie=\"navigation\" data-gtm-custom-action=\"crossclick\" data-gtm-custom-label=\"Contextuel\" data-gtm-event=\"customEventSPE\" data-fig-domain=\"LEFIGARO\">Var<\/a>\u00a0mi-juillet, deux nouveaux cas similaires du\u00a0<a href=\"http:\/\/sante.lefigaro.fr\/social\/sante-publique\/qu-est-ce-que-le-virus-west-nile-responsable-de-13-morts-en-italie-et-dont-un-cas-a-ete-identifie-en-france-20250805\" target=\"_blank\" data-fig-type=\"Article\" rel=\"noopener\" data-gtm-custom-categorie=\"navigation\" data-gtm-custom-action=\"crossclick\" data-gtm-custom-label=\"Contextuel\" data-gtm-event=\"customEventSPE\" data-fig-domain=\"SANTE\">virus du Nil occidental<\/a>\u00a0ont \u00e9t\u00e9 recens\u00e9s en Seine-Saint-Denis, annonce l\u2019Agence r\u00e9gionale de sant\u00e9 (ARS) d\u2019\u00cele-de-France dans un\u00a0<a href=\"https:\/\/www.iledefrance.ars.sante.fr\/virus-du-nil-occidental-west-nile-deux-cas-autochtones-confirmes-en-ile-de-france\" target=\"_blank\" rel=\"sponsored noopener\" data-gtm-custom-categorie=\"navigation\" data-gtm-custom-action=\"crossclick\" data-gtm-custom-label=\"Contextuel\" data-gtm-event=\"customEventSPE\">communiqu\u00e9<\/a>. Un cas est d\u00e9fini comme autochtone lorsqu\u2019aucun voyage dans un pays expos\u00e9 \u00e0 la maladie de fa\u00e7on end\u00e9mique n\u2019a eu lieu dans les 15 jours pr\u00e9c\u00e9dant l\u2019apparition des sympt\u00f4mes. \u00abLe premier cas, identifi\u00e9 fin juillet, avait (&#8230;) s\u00e9journ\u00e9 dans le d\u00e9partement du Jura (Bourgogne-Franche-Comt\u00e9) durant la p\u00e9riode possible d\u2019exposition \u00e0 risque. Le second cas, confirm\u00e9 le 6 ao\u00fbt, n\u2019a pas quitt\u00e9 l\u2019\u00cele-de-France dans les 15 jours pr\u00e9c\u00e9dant l\u2019apparition des sympt\u00f4mes\u00bb, pr\u00e9cise l\u2019ARS.<\/p>\n<p>Piq\u00fbre de moustique<\/p>\n<p class=\"fig-paragraph\">Le virus du Nil occidental est transmis \u00e0 l\u2019homme principalement par la piq\u00fbre d\u2019un moustique du genre Culex, infect\u00e9 apr\u00e8s avoir piqu\u00e9 un oiseau porteur du virus. Ce moustique, commun en France m\u00e9tropolitaine, pique surtout en soir\u00e9e et la nuit, contrairement au moustique tigre, actif en journ\u00e9e.<\/p>\n<p>                                    <a class=\"fig-a11y-skip a11y-hidden\" href=\"#fig-a11y-skip-main-inarticle\"><br \/>\n        Passer la publicit\u00e9<br \/>\n    <\/a><\/p>\n<p class=\"fig-paragraph\">L\u2019ARS explique au sujet de la maladie associ\u00e9e que\u00a0: \u00abDans 80 % des cas, l\u2019infection est asymptomatique. Lorsqu\u2019elle est symptomatique, elle se manifeste par un syndrome pseudo-grippal (fi\u00e8vre importante accompagn\u00e9e de maux de t\u00eate, douleurs musculaires ou abdominales, naus\u00e9es, diarrh\u00e9es). Dans de rares cas (moins de 1 %), des complications neurologiques (m\u00e9ningite, enc\u00e9phalite) peuvent survenir. G\u00e9n\u00e9ralement, le malade r\u00e9cup\u00e8re spontan\u00e9ment, parfois avec s\u00e9quelles. Mais l\u2019infection virale peut s\u2019av\u00e9rer mortelle principalement chez les personnes \u00e2g\u00e9es.\u00bb<\/p>\n<p class=\"fig-paragraph\">Pr\u00e9sent sur plusieurs continents, le virus du Nil occidental conna\u00eet depuis 2010 une extension progressive en Europe selon l\u2019ARS, notamment dans les pays du Sud, avec une augmentation des formes neuro-invasives. Au total, \u00absept cas autochtones d\u2019infection (&#8230;) ont \u00e9t\u00e9 identifi\u00e9s en France hexagonale\u00bb, pr\u00e9cise Sant\u00e9 publique France dans son bulletin publi\u00e9 ce mercredi, cit\u00e9 par\u00a0<a href=\"https:\/\/www.franceinfo.fr\/sante\/maladie\/deux-premiers-cas-autochtones-du-virus-du-nil-occidental-detectes-en-ile-de-france_7433428.html\" target=\"_blank\" rel=\"sponsored noopener\" data-gtm-custom-categorie=\"navigation\" data-gtm-custom-action=\"crossclick\" data-gtm-custom-label=\"Contextuel\" data-gtm-event=\"customEventSPE\">franceinfo<\/a>. Le premier cas autochtone avait \u00e9t\u00e9 d\u00e9tect\u00e9 \u00e0 Hy\u00e8res en juillet.<\/p>\n","protected":false},"excerpt":{"rendered":"Le virus du Nil occidental est transmis \u00e0 l\u2019homme principalement par la piq\u00fbre d\u2019un moustique du genre Culex,&hellip;\n","protected":false},"author":2,"featured_media":316266,"comment_status":"","ping_status":"","sticky":false,"template":"","format":"standard","meta":{"footnotes":""},"categories":[1592],"tags":[1111,11,1777,674,1011,27,662,12,626,25,5336],"class_list":{"0":"post-316265","1":"post","2":"type-post","3":"status-publish","4":"format-standard","5":"has-post-thumbnail","7":"category-ile-de-france","8":"tag-actu","9":"tag-actualites","10":"tag-eu","11":"tag-europe","12":"tag-fr","13":"tag-france","14":"tag-ile-de-france","15":"tag-news","16":"tag-paris","17":"tag-republique-francaise","18":"tag-virus"},"share_on_mastodon":{"url":"https:\/\/pubeurope.com\/@fr\/115021527368903055","error":""},"_links":{"self":[{"href":"https:\/\/www.europesays.com\/fr\/wp-json\/wp\/v2\/posts\/316265","targetHints":{"allow":["GET"]}}],"collection":[{"href":"https:\/\/www.europesays.com\/fr\/wp-json\/wp\/v2\/posts"}],"about":[{"href":"https:\/\/www.europesays.com\/fr\/wp-json\/wp\/v2\/types\/post"}],"author":[{"embeddable":true,"href":"https:\/\/www.europesays.com\/fr\/wp-json\/wp\/v2\/users\/2"}],"replies":[{"embeddable":true,"href":"https:\/\/www.europesays.com\/fr\/wp-json\/wp\/v2\/comments?post=316265"}],"version-history":[{"count":0,"href":"https:\/\/www.europesays.com\/fr\/wp-json\/wp\/v2\/posts\/316265\/revisions"}],"wp:featuredmedia":[{"embeddable":true,"href":"https:\/\/www.europesays.com\/fr\/wp-json\/wp\/v2\/media\/316266"}],"wp:attachment":[{"href":"https:\/\/www.europesays.com\/fr\/wp-json\/wp\/v2\/media?parent=316265"}],"wp:term":[{"taxonomy":"category","embeddable":true,"href":"https:\/\/www.europesays.com\/fr\/wp-json\/wp\/v2\/categories?post=316265"},{"taxonomy":"post_tag","embeddable":true,"href":"https:\/\/www.europesays.com\/fr\/wp-json\/wp\/v2\/tags?post=316265"}],"curies":[{"name":"wp","href":"https:\/\/api.w.org\/{rel}","templated":true}]}}