{"id":316267,"date":"2025-08-13T12:46:10","date_gmt":"2025-08-13T12:46:10","guid":{"rendered":"https:\/\/www.europesays.com\/fr\/316267\/"},"modified":"2025-08-13T12:46:10","modified_gmt":"2025-08-13T12:46:10","slug":"des-rafales-et-des-orages-arrivent-a-paris-et-en-en-ile-de-france-voici-quand-ca-va-frapper","status":"publish","type":"post","link":"https:\/\/www.europesays.com\/fr\/316267\/","title":{"rendered":"des rafales et des orages arrivent \u00e0 Paris et en en \u00cele-de-France, voici quand \u00e7a va frapper"},"content":{"rendered":"<p>            Par<br \/>\n        <strong><br \/>\n            <a href=\"https:\/\/actu.fr\/auteur\/redaction-paris\" title=\"Consulter tous les articles de R\u00e9daction Paris\" target=\"_blank\" rel=\"noopener\">R\u00e9daction Paris<\/a><br \/>\n        <\/strong><\/p>\n<p>        Publi\u00e9 le<\/p>\n<p>            13 ao\u00fbt 2025 \u00e0 13h48        <\/p>\n<p>Apr\u00e8s le beau temps vient la pluie. Ce mercredi 13\u00a0ao\u00fbt 2025, la chaleur continue de r\u00f4der <a href=\"https:\/\/actu.fr\/ile-de-france\/paris_75056\/il-va-faire-encore-plus-chaud-a-paris-et-en-ile-de-france-meteo-france-augmente-la-vigilance-canicule_63023302.html\" target=\"_blank\" rel=\"noopener\">dans l\u2019air de Paris et de l\u2019\u00cele-de-France<\/a> alors que <strong>le soleil, lui, est parti en pause<\/strong>. <a href=\"https:\/\/actu.fr\/meteo\/des-orages-dans-quasi-toute-la-france-74-departements-en-vigilance-mercredi-voici-ou-ils-devraient-frapper_63027687.html\" target=\"_blank\" rel=\"noopener\">Des orages<\/a> devraient d\u2019ailleurs retentir dans l\u2019apr\u00e8s-midi, accompagn\u00e9s de quelques gouttes de pluie, selon <a href=\"https:\/\/meteofrance.com\/\" target=\"_blank\" rel=\"noopener\">M\u00e9t\u00e9o-France<\/a>.<\/p>\n<p>Canicule et orages, un bon m\u00e9nage\u2009?<\/p>\n<p class=\" wall-content\">Cette atmosph\u00e8re \u00e0 la fois lourde et nuageuse est accompagn\u00e9e de rafales \u00e0 45 km\/h. Elle ne devrait cependant <strong>durer qu\u2019une journ\u00e9e<\/strong> avant le retour des rayons. Les temp\u00e9ratures en revanche ne bougent pas jusqu\u2019\u00e0 la fin de la semaine et ce, malgr\u00e9 <a href=\"https:\/\/actu.fr\/tag\/orages\" target=\"_blank\" rel=\"noopener\">l\u2019\u00e9pisode orageux<\/a> qui traverse le pays. C\u2019est d\u2019ailleurs la canicule qui joue sur l\u2019intensit\u00e9 des orages.<\/p>\n<p class=\" wall-content\">\n<p class=\" wall-content\">Ce mercredi, 35 degr\u00e9s sont attendus \u00e0 Paris dans l\u2019apr\u00e8s-midi et 33 degr\u00e9s sont pr\u00e9vus par les pr\u00e9visionnistes de M\u00e9t\u00e9o-France pour la journ\u00e9e de jeudi. L\u2019\u00cele-de-France a \u00e9t\u00e9 plac\u00e9 en <strong>vigilance orange canicule<\/strong>. Le drapeau est jaune pour les risques d\u2019orages.<\/p>\n<p class=\" wall-content\">La semaine prochaine devrait par contre voir le mercure diminuer sur l\u2019ensemble du territoire. Notamment \u00e0 Paris, o\u00f9 la journ\u00e9e de jeudi 21\u00a0ao\u00fbt 2025 sera marqu\u00e9e par un \u00e9pisode pluvieux donnant un coup de frais sur la r\u00e9gion. 25 degr\u00e9s sont attendus ce jour-l\u00e0 et toute la semaine suivante.<\/p>\n<p class=\" wall-content\">Suivez toute l\u2019actualit\u00e9 de vos villes et m\u00e9dias favoris en vous inscrivant \u00e0 <a href=\"https:\/\/moncompte.actu.fr\" title=\"D\u00e9couvez Mon Actu\" rel=\"nofollow noopener\" data-trk=\"{&quot;cta&quot;:{&quot;action&quot;:&quot;https:\\\/\\\/moncompte.actu.fr&quot;,&quot;category&quot;:&quot;mon compte&quot;,&quot;from&quot;:&quot;article footer&quot;,&quot;name&quot;:&quot;Mon actu&quot;,&quot;type&quot;:&quot;cta&quot;}}\" target=\"_blank\">Mon Actu<\/a>.<\/p>\n","protected":false},"excerpt":{"rendered":"Par R\u00e9daction Paris Publi\u00e9 le 13 ao\u00fbt 2025 \u00e0 13h48 Apr\u00e8s le beau temps vient la pluie. Ce&hellip;\n","protected":false},"author":2,"featured_media":316268,"comment_status":"","ping_status":"","sticky":false,"template":"","format":"standard","meta":{"footnotes":""},"categories":[1888],"tags":[1111,1928,11,1927,6698,1777,674,1011,27,2487,2357,12,1926,4594,626,1925,25],"class_list":{"0":"post-316267","1":"post","2":"type-post","3":"status-publish","4":"format-standard","5":"has-post-thumbnail","7":"category-paris","8":"tag-actu","9":"tag-actu-paris","10":"tag-actualites","11":"tag-actualites-paris","12":"tag-canicule","13":"tag-eu","14":"tag-europe","15":"tag-fr","16":"tag-france","17":"tag-meteo","18":"tag-meteo-france","19":"tag-news","20":"tag-news-paris","21":"tag-orages","22":"tag-paris","23":"tag-paris-news","24":"tag-republique-francaise"},"share_on_mastodon":{"url":"https:\/\/pubeurope.com\/@fr\/115021531320716378","error":""},"_links":{"self":[{"href":"https:\/\/www.europesays.com\/fr\/wp-json\/wp\/v2\/posts\/316267","targetHints":{"allow":["GET"]}}],"collection":[{"href":"https:\/\/www.europesays.com\/fr\/wp-json\/wp\/v2\/posts"}],"about":[{"href":"https:\/\/www.europesays.com\/fr\/wp-json\/wp\/v2\/types\/post"}],"author":[{"embeddable":true,"href":"https:\/\/www.europesays.com\/fr\/wp-json\/wp\/v2\/users\/2"}],"replies":[{"embeddable":true,"href":"https:\/\/www.europesays.com\/fr\/wp-json\/wp\/v2\/comments?post=316267"}],"version-history":[{"count":0,"href":"https:\/\/www.europesays.com\/fr\/wp-json\/wp\/v2\/posts\/316267\/revisions"}],"wp:featuredmedia":[{"embeddable":true,"href":"https:\/\/www.europesays.com\/fr\/wp-json\/wp\/v2\/media\/316268"}],"wp:attachment":[{"href":"https:\/\/www.europesays.com\/fr\/wp-json\/wp\/v2\/media?parent=316267"}],"wp:term":[{"taxonomy":"category","embeddable":true,"href":"https:\/\/www.europesays.com\/fr\/wp-json\/wp\/v2\/categories?post=316267"},{"taxonomy":"post_tag","embeddable":true,"href":"https:\/\/www.europesays.com\/fr\/wp-json\/wp\/v2\/tags?post=316267"}],"curies":[{"name":"wp","href":"https:\/\/api.w.org\/{rel}","templated":true}]}}