{"id":316269,"date":"2025-08-13T12:47:13","date_gmt":"2025-08-13T12:47:13","guid":{"rendered":"https:\/\/www.europesays.com\/fr\/316269\/"},"modified":"2025-08-13T12:47:13","modified_gmt":"2025-08-13T12:47:13","slug":"tennis-lancienne-championne-monica-seles-51-ans-revele-etre-atteinte-dune-maladie-auto-immune-rare","status":"publish","type":"post","link":"https:\/\/www.europesays.com\/fr\/316269\/","title":{"rendered":"Tennis : l\u2019ancienne championne Monica Seles, 51 ans, r\u00e9v\u00e8le \u00eatre atteinte d\u2019une maladie auto-immune rare"},"content":{"rendered":"<p class=\"paragraph text_align_left lp-f-body-02\">Depuis trois ans, Monica Seles vit avec une maladie auto-immune rare <a href=\"https:\/\/www.leparisien.fr\/societe\/nancy-deces-d-ines-adolescente-en-etat-vegetatif-apres-l-arret-des-soins-21-06-2018-7785684.php\" target=\"_blank\" rel=\"noreferrer nofollow noopener\">appel\u00e9e myasth\u00e9nie<\/a>. Dans un entretien accord\u00e9 \u00e0 Associated Press, elle r\u00e9v\u00e8le que cette maladie affecte sa vue et ses muscles et rend son quotidien tr\u00e8s compliqu\u00e9. <\/p>\n<p class=\"paragraph text_align_left lp-f-body-02\">Ancienne star du tennis mondial dans les ann\u00e9es 1990, avec notamment neuf titres en Grand Chelem dont trois \u00e0 Roland-Garros, Seles, 51 ans, a choisi d\u2019annoncer son \u00e9tat de sant\u00e9 pour sensibiliser le public et aider \u00e0 la recherche.<\/p>\n<p class=\"paragraph text_align_left lp-f-body-02\">Monica Seles s\u2019est confi\u00e9e sur sa vie rendue laborieuse par la maladie : \u00ab Je jouais avec des enfants ou des membres de ma famille et je ratais des balles. Je me disais : \u2018\u2019Je vois deux balles\u2019\u2019. Il y a de toute \u00e9vidence des sympt\u00f4mes que tu ne peux ignorer. \u00c7a m\u2019a pris beaucoup de temps pour l\u2019accepter, pour en discuter publiquement, parce que c\u2019est difficile. \u00c7a m\u2019affecte au quotidien. \u00bb<\/p>\n<p class=\"paragraph text_align_left lp-f-body-02\">Le constat de cette maladie auto-immune rare est un coup de massue qu\u2019elle parvient \u00e0 prendre avec du recul. \u00ab Un autre nouveau d\u00e9part. Mais, comme je le dis aux enfants que j\u2019encadre : \u2018Vous devez toujours vous adapter. La balle rebondit et vous devez simplement vous adapter. C\u2019est ce que je fais maintenant. \u00bb<\/p>\n","protected":false},"excerpt":{"rendered":"Depuis trois ans, Monica Seles vit avec une maladie auto-immune rare appel\u00e9e myasth\u00e9nie. Dans un entretien accord\u00e9 \u00e0&hellip;\n","protected":false},"author":2,"featured_media":316270,"comment_status":"","ping_status":"","sticky":false,"template":"","format":"standard","meta":{"footnotes":""},"categories":[1888],"tags":[1111,1928,11,1927,1777,674,1011,27,12,1926,626,1925,25,60,1467],"class_list":{"0":"post-316269","1":"post","2":"type-post","3":"status-publish","4":"format-standard","5":"has-post-thumbnail","7":"category-paris","8":"tag-actu","9":"tag-actu-paris","10":"tag-actualites","11":"tag-actualites-paris","12":"tag-eu","13":"tag-europe","14":"tag-fr","15":"tag-france","16":"tag-news","17":"tag-news-paris","18":"tag-paris","19":"tag-paris-news","20":"tag-republique-francaise","21":"tag-sports","22":"tag-tennis"},"share_on_mastodon":{"url":"https:\/\/pubeurope.com\/@fr\/115021535310735183","error":""},"_links":{"self":[{"href":"https:\/\/www.europesays.com\/fr\/wp-json\/wp\/v2\/posts\/316269","targetHints":{"allow":["GET"]}}],"collection":[{"href":"https:\/\/www.europesays.com\/fr\/wp-json\/wp\/v2\/posts"}],"about":[{"href":"https:\/\/www.europesays.com\/fr\/wp-json\/wp\/v2\/types\/post"}],"author":[{"embeddable":true,"href":"https:\/\/www.europesays.com\/fr\/wp-json\/wp\/v2\/users\/2"}],"replies":[{"embeddable":true,"href":"https:\/\/www.europesays.com\/fr\/wp-json\/wp\/v2\/comments?post=316269"}],"version-history":[{"count":0,"href":"https:\/\/www.europesays.com\/fr\/wp-json\/wp\/v2\/posts\/316269\/revisions"}],"wp:featuredmedia":[{"embeddable":true,"href":"https:\/\/www.europesays.com\/fr\/wp-json\/wp\/v2\/media\/316270"}],"wp:attachment":[{"href":"https:\/\/www.europesays.com\/fr\/wp-json\/wp\/v2\/media?parent=316269"}],"wp:term":[{"taxonomy":"category","embeddable":true,"href":"https:\/\/www.europesays.com\/fr\/wp-json\/wp\/v2\/categories?post=316269"},{"taxonomy":"post_tag","embeddable":true,"href":"https:\/\/www.europesays.com\/fr\/wp-json\/wp\/v2\/tags?post=316269"}],"curies":[{"name":"wp","href":"https:\/\/api.w.org\/{rel}","templated":true}]}}