{"id":316275,"date":"2025-08-13T12:50:13","date_gmt":"2025-08-13T12:50:13","guid":{"rendered":"https:\/\/www.europesays.com\/fr\/316275\/"},"modified":"2025-08-13T12:50:13","modified_gmt":"2025-08-13T12:50:13","slug":"guerre-en-ukraine-a-deux-jours-du-sommet-une-nouvelle-attaque-russe-fait-au-moins-dix-morts","status":"publish","type":"post","link":"https:\/\/www.europesays.com\/fr\/316275\/","title":{"rendered":"Guerre en Ukraine : \u00e0 deux jours du sommet, une nouvelle attaque russe fait au moins dix morts"},"content":{"rendered":"<p>\n  Par&amp;nbsp<b>Euronews<\/b>\n<\/p>\n<p>\n         Publi\u00e9 le<br \/>\n            13\/08\/2025 &#8211; 14:43 UTC+2\n            <\/p>\n<p>          <img decoding=\"async\" class=\"c-ad__placeholder__logo\" src=\"https:\/\/static.euronews.com\/website\/images\/logos\/logo-euronews-stacked-outlined-72x72-grey-9.svg\" width=\"72\" height=\"72\" alt=\"\" loading=\"lazy\"\/><br \/>\n          PUBLICIT\u00c9<\/p>\n<p>La Russie poursuit son avanc\u00e9e en Ukraine et a revendiqu\u00e9, ce mercredi 13 ao\u00fbt, la prise de Nykanorivka et de Souvorov\u00e9, deux localit\u00e9s dans la r\u00e9gion de Donetsk, selon le minist\u00e8re russe de la D\u00e9fense, au moment o\u00f9 l&rsquo;arm\u00e9e progresse \u00e0 une vitesse in\u00e9dite.<\/p>\n<p>Dans cet oblast, situ\u00e9 \u00e0 l&rsquo;est du pays, les attaques russes ont fait au moins deux morts et dix bless\u00e9s \u00e0 Kostiantynivka, a d\u00e9clar\u00e9 le gouverneur Vadym Filashkin.<\/p>\n<p>Plus au sud, dans la r\u00e9gion de Kherson, quatre personnes, dont deux civils, ont \u00e9t\u00e9 tu\u00e9s, d&rsquo;apr\u00e8s les autorit\u00e9s r\u00e9gionales. Le gouverneur Oleksandr Prokudin a indiqu\u00e9 que les frappes ont touch\u00e9 et endommag\u00e9 des zones r\u00e9sidentielles et des infrastructures, telles qu&rsquo;un immeuble, cinq maisons, une tour de t\u00e9l\u00e9phonie mobile et plusieurs v\u00e9hicules.<\/p>\n<p>\u00ab\u00a0Une maison a \u00e9t\u00e9 d\u00e9truite lors de l&rsquo;attaque. Les secouristes ont retrouv\u00e9 le corps d&rsquo;une femme de 61 ans sous les d\u00e9combres\u00a0\u00bb, a \u00e9crit Oleksandr Prokudin dans un message sur Facebook.<\/p>\n<p>Au total, Moscou a lanc\u00e9 au moins 49 drones d&rsquo;attaque de type Shahed, ainsi que deux missiles balistiques Iskander-M ou KN-23 au cours de la nuit, a d\u00e9clar\u00e9 l&rsquo;arm\u00e9e de l&rsquo;air ukrainienne. Les d\u00e9fenses a\u00e9riennes ont pu en d\u00e9truire ou en mettre hors d&rsquo;\u00e9tat de nuire au moins 32, avec plusieurs frappes directes.<\/p>\n<p>Une autre personne a \u00e9t\u00e9 bless\u00e9e apr\u00e8s des frappes sur la ville de Vasylivka dans la r\u00e9gion de Zaporijia. Au total, Moscou a men\u00e9 529 attaques sur dix localit\u00e9s diff\u00e9rentes au cours de la journ\u00e9e.<\/p>\n<p>\u00ab\u00a0Mettre la pression sur la Russie\u00a0\u00bb<\/p>\n<p>La Russie a continu\u00e9 \u00e0 frapper l&rsquo;Ukraine malgr\u00e9 les efforts des \u00c9tats-Unis pour parvenir \u00e0 un accord de cessez-le-feu. Vendredi 15 ao\u00fbt, <a href=\"https:\/\/fr.euronews.com\/my-europe\/2025\/08\/13\/pourquoi-lalaska-trump-et-poutine-se-rencontreront-sur-un-site-strategique-entre-les-etats\" target=\"_blank\" rel=\"noopener\"><strong>Donald Trump va rencontrer Vladimir Poutine en Alaska<\/strong><\/a> pour le premier face-\u00e0-face entre les dirigeants am\u00e9ricain et russe depuis l&rsquo;invasion totale de son voisin par Moscou en f\u00e9vrier 2022.<\/p>\n<p>Malgr\u00e9 les pourparlers, les troupes de Moscou ont lanc\u00e9 une pouss\u00e9e soudaine dans l&rsquo;est de l&rsquo;Ukraine ces derniers jours, <a href=\"https:\/\/fr.euronews.com\/2025\/08\/12\/ukraine-importante-percee-russe-dans-la-region-de-donetsk\" target=\"_blank\" rel=\"noopener\"><strong>selon certaines sources<\/strong><\/a><a href=\"https:\/\/www.euronews.com\/2025\/08\/12\/russian-forces-breach-ukrainian-defences-in-eastern-donetsk-region-reports-claim\" target=\"_blank\" rel=\"noopener\">.<\/a><\/p>\n<p>Le pr\u00e9sident ukrainien, Volodymyr Zelensky, a averti que Moscou \u00ab\u00a0red\u00e9ployait ses troupes et ses forces\u00a0\u00bb pour lancer de nouvelles attaques contre son pays, malgr\u00e9 les efforts ext\u00e9rieurs pour organiser des pourparlers en vue d&rsquo;un cessez-le-feu.<\/p>\n<p>\u00ab\u00a0Il faut mettre la pression sur la Russie pour obtenir une paix \u00e9quitable. Nous devons utiliser l&rsquo;exp\u00e9rience de l&rsquo;Ukraine et de nos partenaires afin d&#8217;emp\u00eacher toute tromperie de la part de la Russie\u00a0\u00bb, a-t-il d\u00e9clar\u00e9 dans un message sur Telegram. \u00ab\u00a0Il n&rsquo;y a actuellement aucun signe indiquant que les Russes se pr\u00e9parent \u00e0 mettre fin \u00e0 la guerre\u00a0\u00bb.<\/p>\n","protected":false},"excerpt":{"rendered":"Par&amp;nbspEuronews Publi\u00e9 le 13\/08\/2025 &#8211; 14:43 UTC+2 PUBLICIT\u00c9 La Russie poursuit son avanc\u00e9e en Ukraine et a revendiqu\u00e9,&hellip;\n","protected":false},"author":2,"featured_media":316276,"comment_status":"","ping_status":"","sticky":false,"template":"","format":"standard","meta":{"footnotes":""},"categories":[1591],"tags":[11,75,1887,131,2025,12,1885,1886,132,135,134],"class_list":{"0":"post-316275","1":"post","2":"type-post","3":"status-publish","4":"format-standard","5":"has-post-thumbnail","7":"category-russie","8":"tag-actualites","9":"tag-donald-trump","10":"tag-federation-de-russie","11":"tag-guerre-en-ukraine","12":"tag-invasion-de-la-russie-en-ukraine","13":"tag-news","14":"tag-russia","15":"tag-russian-federation","16":"tag-russie","17":"tag-vladimir-poutine","18":"tag-volodymyr-zelensky"},"share_on_mastodon":{"url":"https:\/\/pubeurope.com\/@fr\/115021547293038587","error":""},"_links":{"self":[{"href":"https:\/\/www.europesays.com\/fr\/wp-json\/wp\/v2\/posts\/316275","targetHints":{"allow":["GET"]}}],"collection":[{"href":"https:\/\/www.europesays.com\/fr\/wp-json\/wp\/v2\/posts"}],"about":[{"href":"https:\/\/www.europesays.com\/fr\/wp-json\/wp\/v2\/types\/post"}],"author":[{"embeddable":true,"href":"https:\/\/www.europesays.com\/fr\/wp-json\/wp\/v2\/users\/2"}],"replies":[{"embeddable":true,"href":"https:\/\/www.europesays.com\/fr\/wp-json\/wp\/v2\/comments?post=316275"}],"version-history":[{"count":0,"href":"https:\/\/www.europesays.com\/fr\/wp-json\/wp\/v2\/posts\/316275\/revisions"}],"wp:featuredmedia":[{"embeddable":true,"href":"https:\/\/www.europesays.com\/fr\/wp-json\/wp\/v2\/media\/316276"}],"wp:attachment":[{"href":"https:\/\/www.europesays.com\/fr\/wp-json\/wp\/v2\/media?parent=316275"}],"wp:term":[{"taxonomy":"category","embeddable":true,"href":"https:\/\/www.europesays.com\/fr\/wp-json\/wp\/v2\/categories?post=316275"},{"taxonomy":"post_tag","embeddable":true,"href":"https:\/\/www.europesays.com\/fr\/wp-json\/wp\/v2\/tags?post=316275"}],"curies":[{"name":"wp","href":"https:\/\/api.w.org\/{rel}","templated":true}]}}