{"id":316277,"date":"2025-08-13T12:51:22","date_gmt":"2025-08-13T12:51:22","guid":{"rendered":"https:\/\/www.europesays.com\/fr\/316277\/"},"modified":"2025-08-13T12:51:22","modified_gmt":"2025-08-13T12:51:22","slug":"zelensky-se-rend-a-berlin-pour-la-visioconference-entre-les-dirigeants-europeens-et-trump-liberation","status":"publish","type":"post","link":"https:\/\/www.europesays.com\/fr\/316277\/","title":{"rendered":"Zelensky se rend \u00e0 Berlin pour la visioconf\u00e9rence entre les dirigeants europ\u00e9ens et Trump \u2013 Lib\u00e9ration"},"content":{"rendered":"<p class=\"sc-ksZaOG ehjQrN text-element\">Invit\u00e9 surprise. La visioconf\u00e9rence programm\u00e9e ce mercredi 13 ao\u00fbt entre <a href=\"https:\/\/google.com\/search?q=donald+trump+liberation+&amp;sca_esv=4978fba7b0bac1f0&amp;rlz=1C1GCEA_enFR1130FR1130&amp;sxsrf=AE3TifNQQQDaYHYuhfs6021IUUFljrhegA%3A1755069397583&amp;ei=1TucaNGzI6WIkdUPnJ202AE&amp;ved=0ahUKEwiR8v7_noePAxUlRKQEHZwODRsQ4dUDCBA&amp;uact=5&amp;oq=donald+trump+liberation+&amp;gs_lp=Egxnd3Mtd2l6LXNlcnAiGGRvbmFsZCB0cnVtcCBsaWJlcmF0aW9uIDIKECMYgAQYJxiKBTIIEAAYgAQYywEyCBAAGIAEGMsBMgYQABgWGB4yBhAAGBYYHjIGEAAYFhgeMgYQABgWGB4yBhAAGBYYHjIGEAAYFhgeMgYQABgWGB5IqQZQuAVYuAVwAngAkAEAmAEzoAFeqgEBMrgBA8gBAPgBAZgCAaACQpgDAIgGAZIHATGgB_YIsgcBMbgHQsIHAzMtMcgHDg&amp;sclient=gws-wiz-serp\" target=\"_blank\" rel=\"nofollow noopener\" title=\"https:\/\/google.com\/search?q=donald+trump+liberation+&amp;sca_esv=4978fba7b0bac1f0&amp;rlz=1C1GCEA_enFR1130FR1130&amp;sxsrf=AE3TifNQQQDaYHYuhfs6021IUUFljrhegA%3A1755069397583&amp;ei=1TucaNGzI6WIkdUPnJ202AE&amp;ved=0ahUKEwiR8v7_noePAxUlRKQEHZwODRsQ4dUDCBA&amp;uact=5&amp;oq=donald+trump+liberation+&amp;gs_lp=Egxnd3Mtd2l6LXNlcnAiGGRvbmFsZCB0cnVtcCBsaWJlcmF0aW9uIDIKECMYgAQYJxiKBTIIEAAYgAQYywEyCBAAGIAEGMsBMgYQABgWGB4yBhAAGBYYHjIGEAAYFhgeMgYQABgWGB4yBhAAGBYYHjIGEAAYFhgeMgYQABgWGB5IqQZQuAVYuAVwAngAkAEAmAEzoAFeqgEBMrgBA8gBAPgBAZgCAaACQpgDAIgGAZIHATGgB_YIsgcBMbgHQsIHAzMtMcgHDg&amp;sclient=gws-wiz-serp\">Donald Trump<\/a> et les principaux dirigeants europ\u00e9ens dans le but de convaincre le pr\u00e9sident am\u00e9ricain de d\u00e9fendre les int\u00e9r\u00eats de l\u2019Ukraine lors du <a href=\"https:\/\/www.liberation.fr\/international\/amerique\/guerre-en-ukraine-trump-espere-une-rencontre-constructive-avec-poutine-et-assure-quil-appellera-zelensky-dans-la-foulee-20250811_TR33W6LSGNBZRGCCOVXUCARLXE\/\" target=\"_blank\" rel=\"noreferrer nofollow noopener\" title=\"https:\/\/www.liberation.fr\/international\/amerique\/guerre-en-ukraine-trump-espere-une-rencontre-constructive-avec-poutine-et-assure-quil-appellera-zelensky-dans-la-foulee-20250811_TR33W6LSGNBZRGCCOVXUCARLXE\/\">sommet bilat\u00e9ral pr\u00e9vu en Alaska<\/a> vendredi 15 ao\u00fbt, sera finalement rejointe par le principal int\u00e9ress\u00e9. Selon une information de l\u2019AFP obtenue par une source gouvernementale allemande, <a href=\"https:\/\/www.liberation.fr\/tags\/volodymyr-zelensky\/\" target=\"_blank\" rel=\"noreferrer nofollow noopener\" title=\"https:\/\/www.liberation.fr\/tags\/volodymyr-zelensky\/\">Volodymyr Zelensky<\/a> est en route pour Berlin.<\/p>\n<p class=\"sc-ksZaOG ehjQrN text-element\">Le pr\u00e9sident ukrainien n\u2019a pas \u00e9t\u00e9 convi\u00e9 <a href=\"https:\/\/www.liberation.fr\/international\/amerique\/ce-que-lon-sait-de-la-rencontre-trump-poutine-en-alaska-le-15-aout-20250809_7MV5KNWQDZFITOTE3LHY7CMFHI\/\" target=\"_blank\" rel=\"noreferrer nofollow noopener\" title=\"https:\/\/www.liberation.fr\/international\/amerique\/ce-que-lon-sait-de-la-rencontre-trump-poutine-en-alaska-le-15-aout-20250809_7MV5KNWQDZFITOTE3LHY7CMFHI\/\">au sommet en Alaska<\/a>, o\u00f9 Kyiv et les Europ\u00e9ens craignent que Donald Trump et Vladimir Poutine ne s\u2019entendent entre eux pour contraindre l\u2019Ukraine \u00e0 c\u00e9der des portions de son territoire, apr\u00e8s trois ans et demi de conflit. S\u2019effor\u00e7ant de peser sur le pr\u00e9sident am\u00e9ricain d\u2019ici vendredi, le chancelier allemand a invit\u00e9 ce dernier et son vice-pr\u00e9sident, <a href=\"https:\/\/www.liberation.fr\/international\/amerique\/jd-vance-le-vp-de-trump-itineraire-dun-repenti-20240716_QY7VG55ECRH7PFYQWVOIGTVUDY\/\" target=\"_blank\" rel=\"noreferrer nofollow noopener\" title=\"https:\/\/www.liberation.fr\/international\/amerique\/jd-vance-le-vp-de-trump-itineraire-dun-repenti-20240716_QY7VG55ECRH7PFYQWVOIGTVUDY\/\">JD Vance<\/a>, \u00e0 s\u2019entretenir mercredi avec les chefs d\u2019Etat et de gouvernement fran\u00e7ais, britannique, italienne, polonais, finlandais et ukrainiens.<\/p>\n<p class=\"sc-ksZaOG ehjQrN text-element\">Leurs discussions porteront sur les moyens d\u2019\u00abexercer une pression sur la Russie\u00bb, \u00abla pr\u00e9paration de possibles n\u00e9gociations de paix\u00bb et les questions \u00abrelatives aux revendications territoriales et aux garanties de s\u00e9curit\u00e9\u00bb, selon Berlin. La veille de la rencontre \u00e0 distance, mardi, les dirigeants des pays de l\u2019UE &#8211; \u00e0 l\u2019exception de la Hongrie &#8211; ont insist\u00e9 sur la n\u00e9cessit\u00e9 pour les Ukrainiens de pouvoir \u00abd\u00e9cider de leur avenir\u00bb, jugeant que des n\u00e9gociations substantielles ne peuvent se tenir que \u00abdans le contexte d\u2019un cessez-le-feu ou d\u2019une r\u00e9duction des hostilit\u00e9s\u00bb.<\/p>\n<p class=\"sc-ksZaOG ehjQrN text-element\">Vladimir Poutine a pour sa part convers\u00e9 avec de nombreux chefs d\u2019Etat ou de gouvernement ces derniers jours, dont ses plus proches partenaires : le Chinois Xi Jinping, <a href=\"https:\/\/www.liberation.fr\/international\/en-reponse-a-lachat-continu-de-petrole-russe-trump-ajoute-25-de-droits-de-douane-supplementaires-sur-les-produits-indiens-20250806_LGMLGGD2TRBUPI64TINOVTSPUM\/\" target=\"_blank\" rel=\"noreferrer nofollow noopener\" title=\"https:\/\/www.liberation.fr\/international\/en-reponse-a-lachat-continu-de-petrole-russe-trump-ajoute-25-de-droits-de-douane-supplementaires-sur-les-produits-indiens-20250806_LGMLGGD2TRBUPI64TINOVTSPUM\/\">l\u2019Indien Narendra Modi,<\/a> le Br\u00e9silien Lula et le Nord-Cor\u00e9en Kim Jong Un.<\/p>\n<p class=\"sc-ksZaOG ehjQrN text-element\">Donald Trump est rest\u00e9 vague sur ses attentes vis-\u00e0-vis de Vladimir Poutine. Il a dit vouloir \u00abt\u00e2ter le terrain\u00bb et jug\u00e9 \u00abtr\u00e8s respectueux\u00bb de la part de son homologue russe de se d\u00e9placer en territoire am\u00e9ricain. Il s\u2019est aussi dit \u00abun peu contrari\u00e9 que Zelensky dise \u201cje dois avoir une autorisation constitutionnelle\u201d pour c\u00e9der des territoires\u00bb. \u00abCar il y aura des \u00e9changes de territoires\u00bb, a-t-il pr\u00e9dit, alors que l\u2019arm\u00e9e russe occupe environ 20 % du territoire ukrainien.<\/p>\n<p class=\"sc-ksZaOG ehjQrN text-element\">Avant son retour \u00e0 la Maison Blanche en janvier dernier, le pr\u00e9sident am\u00e9ricain s\u2019\u00e9tait vant\u00e9 de pouvoir mettre un terme \u00e0 trois ans d\u2019invasion russe en \u00ab24 heures\u00bb. Mais ses ambitions ont \u00e9t\u00e9 douch\u00e9es par l\u2019\u00e9chec <a href=\"https:\/\/www.liberation.fr\/international\/moyen-orient\/guerre-en-ukraine-trump-pret-a-se-rendre-en-turquie-ce-vendredi-20250515_I5FSS7QPAVCGBMLMSHGCKE2M6M\/\" target=\"_blank\" rel=\"noreferrer nofollow noopener\" title=\"https:\/\/www.liberation.fr\/international\/moyen-orient\/guerre-en-ukraine-trump-pret-a-se-rendre-en-turquie-ce-vendredi-20250515_I5FSS7QPAVCGBMLMSHGCKE2M6M\/\">de trois cycles de pourparlers entre Kyiv et Moscou organis\u00e9s en Turquie.<\/a><\/p>\n<p class=\"sc-ksZaOG ehjQrN text-element\">Sur le terrain, les troupes russes grignotent du terrain depuis des mois. L\u2019arm\u00e9e ukrainienne a reconnu qu\u2019elles avaient effectu\u00e9 ces derniers jours une perc\u00e9e de plusieurs kilom\u00e8tres dans un secteur strat\u00e9gique de la r\u00e9gion de Donetsk, au nord-est de Pokrovsk. Mardi \u00e0 Kyiv, Volodymyr Zelensky a affirm\u00e9 que la Russie ne se pr\u00e9parait \u00abpas \u00e0 mettre fin \u00e0 la guerre\u00bb, mais \u00e0 de \u00abnouvelles offensives\u00bb sur son territoire. Il a qualifi\u00e9 la rencontre Trump-Poutine de \u00abvictoire personnelle\u00bb pour le dirigeant russe et exclu tout retrait dans l\u2019est de l\u2019Ukraine dans le cadre d\u2019un accord de paix.<\/p>\n<p class=\"sc-ksZaOG ehjQrN text-element\">Moscou r\u00e9clame que Kiev lui c\u00e8de quatre r\u00e9gions partiellement occup\u00e9es (Donetsk, Lougansk, Zaporijjia et Kherson), en plus de la Crim\u00e9e annex\u00e9e en 2014, et qu\u2019elle renonce aux livraisons d\u2019armes occidentales et \u00e0 toute adh\u00e9sion \u00e0 l\u2019Otan. Des exigences inacceptables pour l\u2019Ukraine, qui exige un retrait des troupes russes de son territoire et des garanties de s\u00e9curit\u00e9 occidentales, dont la poursuite des livraisons d\u2019armes et le d\u00e9ploiement d\u2019un contingent europ\u00e9en.<\/p>\n<p class=\"sc-ksZaOG ehjQrN text-element\"><b>Mise \u00e0 jour : <\/b>\u00e0 10 h 30 avec les attentes europ\u00e9ennes au sujet de la visioconf\u00e9rence organis\u00e9e avec l\u2019administration am\u00e9ricaine.<\/p>\n","protected":false},"excerpt":{"rendered":"Invit\u00e9 surprise. La visioconf\u00e9rence programm\u00e9e ce mercredi 13 ao\u00fbt entre Donald Trump et les principaux dirigeants europ\u00e9ens dans&hellip;\n","protected":false},"author":2,"featured_media":316278,"comment_status":"","ping_status":"","sticky":false,"template":"","format":"standard","meta":{"footnotes":""},"categories":[1590],"tags":[11,75,1777,674,12,220,297],"class_list":{"0":"post-316277","1":"post","2":"type-post","3":"status-publish","4":"format-standard","5":"has-post-thumbnail","7":"category-ukraine","8":"tag-actualites","9":"tag-donald-trump","10":"tag-eu","11":"tag-europe","12":"tag-news","13":"tag-ukraine","14":"tag-ukraine-la-crise"},"share_on_mastodon":{"url":"https:\/\/pubeurope.com\/@fr\/115021551011710527","error":""},"_links":{"self":[{"href":"https:\/\/www.europesays.com\/fr\/wp-json\/wp\/v2\/posts\/316277","targetHints":{"allow":["GET"]}}],"collection":[{"href":"https:\/\/www.europesays.com\/fr\/wp-json\/wp\/v2\/posts"}],"about":[{"href":"https:\/\/www.europesays.com\/fr\/wp-json\/wp\/v2\/types\/post"}],"author":[{"embeddable":true,"href":"https:\/\/www.europesays.com\/fr\/wp-json\/wp\/v2\/users\/2"}],"replies":[{"embeddable":true,"href":"https:\/\/www.europesays.com\/fr\/wp-json\/wp\/v2\/comments?post=316277"}],"version-history":[{"count":0,"href":"https:\/\/www.europesays.com\/fr\/wp-json\/wp\/v2\/posts\/316277\/revisions"}],"wp:featuredmedia":[{"embeddable":true,"href":"https:\/\/www.europesays.com\/fr\/wp-json\/wp\/v2\/media\/316278"}],"wp:attachment":[{"href":"https:\/\/www.europesays.com\/fr\/wp-json\/wp\/v2\/media?parent=316277"}],"wp:term":[{"taxonomy":"category","embeddable":true,"href":"https:\/\/www.europesays.com\/fr\/wp-json\/wp\/v2\/categories?post=316277"},{"taxonomy":"post_tag","embeddable":true,"href":"https:\/\/www.europesays.com\/fr\/wp-json\/wp\/v2\/tags?post=316277"}],"curies":[{"name":"wp","href":"https:\/\/api.w.org\/{rel}","templated":true}]}}