{"id":316283,"date":"2025-08-13T12:54:18","date_gmt":"2025-08-13T12:54:18","guid":{"rendered":"https:\/\/www.europesays.com\/fr\/316283\/"},"modified":"2025-08-13T12:54:18","modified_gmt":"2025-08-13T12:54:18","slug":"allemagne-linflation-confirmee-a-18-sur-un-an-en-juillet-challenges","status":"publish","type":"post","link":"https:\/\/www.europesays.com\/fr\/316283\/","title":{"rendered":"Allemagne: L&#039;inflation confirm\u00e9e \u00e0 1,8% sur un an en juillet &#8211; Challenges"},"content":{"rendered":"<ol>\n<li><a href=\"https:\/\/news.google.com\/rss\/articles\/CBMinwFBVV95cUxPV0RaWnFJRE9TUW5HWHY1TlltYWgzSVAtRG40ekZpbTVaZm83bTJxaFdrei1aenM3SDB5UHpwUFM2TTFsZmthVjJxMDJrZS1BYlUwVndHQkV2SVJlTE9vSUxkQ3RER055TFRFS0tycnBGTzM1Skt3VDNOOG5jcXkzVnhsNHJndTk0Wno5UXR5M1pmeVdieDhjTllaMG1yck0?oc=5\" target=\"_blank\" rel=\"nofollow noopener\">Allemagne: L&rsquo;inflation confirm\u00e9e \u00e0 1,8% sur un an en juillet<\/a>&nbsp;&nbsp;Challenges<\/li>\n<li><a href=\"https:\/\/news.google.com\/rss\/articles\/CBMiqAFBVV95cUxPTVhfQ2FDS2otSUR5eE1PMC0zOVRkSWJyX1hXbVhqUkd0dmFIdkwwVFBnTlY5LU55OGhocWpDOG1jaFdkUXdSN2dnV0pkaUowOV9lQloxd1lRU25DQzcxdC16QUpoYWxDRTM4SElRaF9fY0NhMDlCaVJ0LVF6bTlJNFRmZ3JaU3lsa2NuRmhQc04xWEY3dmtEN0w1YTBEUFpxYzBFUXRYZkrSAa4BQVVfeXFMTWJLS1k1OW9rbFBKWnRwM0lBbmtvUkF0VmFfR1dKUXZlRGNQRVd6YW1xU041RklpR2RYOXAtMzk5RndQX0R0MHFvbXZqQzJZcVJhQWZ1SW9fRXhkS25iUTlsS2czZnhwMUdfb0Q5VHF0TGVxSzBhbUJ1SU1jc2lNVkxNbEcxMW5LV3FxQm11YXY4dnJ3Yzdrdm96WE1vRXVPd3A2NHpWUkt4LVcyQXRR?oc=5\" target=\"_blank\" rel=\"nofollow noopener\">Allemagne : l&rsquo;inflation en ligne avec les attentes en juillet&#8230;<\/a>&nbsp;&nbsp;Fortuneo<\/li>\n<li><a href=\"https:\/\/news.google.com\/rss\/articles\/CBMi8AFBVV95cUxPb21yUmkwRnNiV3NPZlNMdDdWV3ZTMUd0d2pjT2c4RUcxV3RKQkhXSUU3RUxEbXUtSlVudk9CSm4wREloeXdkMEFuYm52ZU15aERXSzRUN29oQXVMampBYlI5bW16a3JUYTdlYnBaOHpoRWxtcTVTOG9RcjNETXY5Rmp1V2ZwelRtODdwVGZjVXdLMV9xWUlXLVExSVN0Z3R4a243aWpNS2haT1BRRmRSX2dhVEZuOE9Cel80VnhtdzU1S1RodzdneUlSeElhNVl1bDlMUUcxR0xfNTFUTDRvYXpsTzhVVDdqZE5sVlNrWUM?oc=5\" target=\"_blank\" rel=\"nofollow noopener\">L&rsquo;inflation allemande stagne \u00e0 2% sur un an en juillet gr\u00e2ce \u00e0 la baisse des prix de l&rsquo;\u00e9nergie<\/a>&nbsp;&nbsp;BFMTV<\/li>\n<li><a href=\"https:\/\/news.google.com\/rss\/articles\/CBMixwFBVV95cUxPNi1qZG9MUHRUS0VSbEhHQ1BvQWVxV2c0SzN0NVh0YkRxeTJFeHU4VDU2Z1g1ZGxKTHNKUzgtamFYNUgtcEk3OVEyc1o0bEIxV0o1V1FOSzB6UEY5bzIwdWR4NnpOMEo4djlWRjRCVXd5VDFTTE4td21RSlNfMThwdWU2eGRGVTR2MHdMZHdNRXc5SHJiVldleUNHZndFei1CbTc1c19BUld0cXRBME1jN25YU2ZhRUNTOFhOTzdjTWpGUS05MkFV?oc=5\" target=\"_blank\" rel=\"nofollow noopener\">Allemagne : L&rsquo;inflation confirm\u00e9e \u00e0 1,8% sur un an en juillet<\/a>&nbsp;&nbsp;Les Echos<\/li>\n<li><a href=\"https:\/\/news.google.com\/rss\/articles\/CBMiwgFBVV95cUxQMlUtLXRWZGJLTm52bTBfZWtMcjVLN2x5ay1ZVXZvZGIwZFhVTHc3N1BXVjFmWWtnSW82d3JEZnp2N1RmT2xZRVV6cVMxTEM2MnVaZVplN09hOUJldXpOUHYxcUY1eEhYNEVQcUU5ZktPQVpCSHR5VkNTT1FKbmlLYndIYWhwZUU3RTlHSEttTm96ZXViZ3lBclVtS2ZhMTlKZjVtRmtjN0VMLVlmR1FoeTgyNUdSc3RINVYwaUlyN21OUdIBxwFBVV95cUxPNm1KWFpyOUZ0blVfWjU2MnRmMmtXRTJpYkdqR2JPMVVETXNXYWhjZnUxcW1KYlJGVGZKenpkX1haU3FkV01DTVJ0UGNDQy1taEdFdDRCTjUycGhuazZ6Y1c0VExTWkZuQzVfQUlFZG1HZ09nUzhmYkhXMkc2NFB1X3VZQjUzRTJ5bEdpNE9Ba0YwUVpXelNzNWVrellFR2k1OTZkeEhaZDhwb3ppYk9aOUhIeVpQbDJxMEFQUTlBMDJnNkxGVWNn?oc=5\" target=\"_blank\" rel=\"nofollow noopener\">Allemagne: l&rsquo;inflation confirm\u00e9e \u00e0 2% en juillet<\/a>&nbsp;&nbsp;Boursorama<\/li>\n<\/ol>\n","protected":false},"excerpt":{"rendered":"Allemagne: L&rsquo;inflation confirm\u00e9e \u00e0 1,8% sur un an en juillet&nbsp;&nbsp;Challenges Allemagne : l&rsquo;inflation en ligne avec les attentes&hellip;\n","protected":false},"author":2,"featured_media":316284,"comment_status":"","ping_status":"","sticky":false,"template":"","format":"standard","meta":{"footnotes":""},"categories":[1587],"tags":[11,672,1804,1805,1803,1777,674,1801,12,1802],"class_list":{"0":"post-316283","1":"post","2":"type-post","3":"status-publish","4":"format-standard","5":"has-post-thumbnail","7":"category-allemagne","8":"tag-actualites","9":"tag-allemagne","10":"tag-bundesrepublik-deutschland","11":"tag-de","12":"tag-deutschland","13":"tag-eu","14":"tag-europe","15":"tag-germany","16":"tag-news","17":"tag-republique-federale-dallemagne"},"share_on_mastodon":{"url":"https:\/\/pubeurope.com\/@fr\/115021562834791113","error":""},"_links":{"self":[{"href":"https:\/\/www.europesays.com\/fr\/wp-json\/wp\/v2\/posts\/316283","targetHints":{"allow":["GET"]}}],"collection":[{"href":"https:\/\/www.europesays.com\/fr\/wp-json\/wp\/v2\/posts"}],"about":[{"href":"https:\/\/www.europesays.com\/fr\/wp-json\/wp\/v2\/types\/post"}],"author":[{"embeddable":true,"href":"https:\/\/www.europesays.com\/fr\/wp-json\/wp\/v2\/users\/2"}],"replies":[{"embeddable":true,"href":"https:\/\/www.europesays.com\/fr\/wp-json\/wp\/v2\/comments?post=316283"}],"version-history":[{"count":0,"href":"https:\/\/www.europesays.com\/fr\/wp-json\/wp\/v2\/posts\/316283\/revisions"}],"wp:featuredmedia":[{"embeddable":true,"href":"https:\/\/www.europesays.com\/fr\/wp-json\/wp\/v2\/media\/316284"}],"wp:attachment":[{"href":"https:\/\/www.europesays.com\/fr\/wp-json\/wp\/v2\/media?parent=316283"}],"wp:term":[{"taxonomy":"category","embeddable":true,"href":"https:\/\/www.europesays.com\/fr\/wp-json\/wp\/v2\/categories?post=316283"},{"taxonomy":"post_tag","embeddable":true,"href":"https:\/\/www.europesays.com\/fr\/wp-json\/wp\/v2\/tags?post=316283"}],"curies":[{"name":"wp","href":"https:\/\/api.w.org\/{rel}","templated":true}]}}