{"id":316287,"date":"2025-08-13T12:56:10","date_gmt":"2025-08-13T12:56:10","guid":{"rendered":"https:\/\/www.europesays.com\/fr\/316287\/"},"modified":"2025-08-13T12:56:10","modified_gmt":"2025-08-13T12:56:10","slug":"percute-en-scooter-par-un-sanglier-a-valbonne-un-azureen-temoigne-jai-eu-un-trou-noir-de-30-minutes","status":"publish","type":"post","link":"https:\/\/www.europesays.com\/fr\/316287\/","title":{"rendered":"Percut\u00e9 en scooter par un sanglier \u00e0 Valbonne, un Azur\u00e9en t\u00e9moigne\u00a0: \u201cJ\u2019ai eu un trou-noir de 30 minutes\u201d"},"content":{"rendered":"<p>Dans les Alpes-Maritimes, pr\u00e8s de Valbonne, un homme en scooter a heurt\u00e9 un sanglier le 10 ao\u00fbt dernier. Ces rencontres fortuites se multiplient, la s\u00e9cheresse et la canicule poussant les animaux \u00e0 s\u2019approcher des routes et des zones habit\u00e9es pour chercher eau et nourriture.\n<\/p>\n<p>\u00ab\u00a0C&rsquo;est en arrivant au niveau du rond-point des Bouillides, \u00e0 Valbonne que j&rsquo;ai aper\u00e7u deux gros sangliers, mais je n&rsquo;ai pas eu le temps de freiner avant que l&rsquo;un d&rsquo;eux ne se jette sous mes roues\u00a0\u00bb, explique Yann Delmare.\u00ab\u00a0\u00c0 partir de ma collision, j&rsquo;ai eu un trou noir de 30 minutes, jusqu&rsquo;\u00e0 l&rsquo;arriv\u00e9e des pompiers. Aujourd&rsquo;hui, j&rsquo;ai un traumatisme cr\u00e2nien, deux c\u00f4tes, une dent et un doigt cass\u00e9s. J&rsquo;ai des bandages un peu partout, car mon corps a \u00e9t\u00e9 br\u00fbl\u00e9 lors de l&rsquo;accident. \u00bb<br \/><strong>\u00ab\u00a0Le sol est trop sec pour les sangliers\u00a0\u00bb<\/strong><br \/>\u00ab\u00a0Les accidents de la route impliquant des sangliers sont pourtant tr\u00e8s nombreux en France, avec pr\u00e8s de 30 000 collisions recens\u00e9es chaque ann\u00e9e, soit environ 80 par jour. En \u00e9t\u00e9, surtout en p\u00e9riode de s\u00e9cheresse et de canicule comme en ce moment, les sangliers ont tendance \u00e0 se rapprocher des zones habit\u00e9es pour chercher de l\u2019eau et de la nourriture\u00a0\u00bb explique Jean-Pierre Caujolle, pr\u00e9sident de la f\u00e9d\u00e9ration de chasse des Alpes-Maritimes\u00a0:<br \/>\u00ab\u00a0Le sanglier est un animal qui se nourrit en grattant le sol pour manger des insectes, des vers de terre ou des racines. Lorsque le sol est trop sec, il n\u2019arrive pas \u00e0 gratter. C\u2019est la raison pour laquelle, si certaines personnes arrosent leur jardin durant cette p\u00e9riode, elles peuvent avoir une bonne surprise le matin\u00a0\u00bb, ironise-t-il.<br \/>Selon le pr\u00e9sident de la f\u00e9d\u00e9ration de chasse, la s\u00e9cheresse n\u2019est pas la seule raison. L\u2019augmentation des populations de loups entra\u00eene un d\u00e9placement des sangliers, qui cherchent \u00e0 fuir le pr\u00e9dateur\u00a0: \u00ab\u00a0La majorit\u00e9 des loups ont tendance \u00e0 ne pas trop s\u2019approcher des habitations, les sangliers en profitent pour leur \u00e9chapper. Il y a aujourd\u2019hui au moins 17 meutes de loups dans tout le d\u00e9partement\u00a0\u00bb, explique-t-il.<br \/><strong>L\u2019action humaine contribue \u00e9galement \u00e0 rapprocher les sangliers des habitations.<\/strong> Certaines personnes les nourrissent, ce qui est formellement interdit. Toute infraction est passible d\u2019une amende pouvant aller jusqu\u2019\u00e0 750 euros.<\/p>\n","protected":false},"excerpt":{"rendered":"Dans les Alpes-Maritimes, pr\u00e8s de Valbonne, un homme en scooter a heurt\u00e9 un sanglier le 10 ao\u00fbt dernier.&hellip;\n","protected":false},"author":2,"featured_media":316288,"comment_status":"","ping_status":"","sticky":false,"template":"","format":"standard","meta":{"footnotes":""},"categories":[1586],"tags":[11,1777,674,1779,1011,27,12,25,1778,364],"class_list":{"0":"post-316287","1":"post","2":"type-post","3":"status-publish","4":"format-standard","5":"has-post-thumbnail","7":"category-europe","8":"tag-actualites","9":"tag-eu","10":"tag-europe","11":"tag-european-union","12":"tag-fr","13":"tag-france","14":"tag-news","15":"tag-republique-francaise","16":"tag-ue","17":"tag-union-europeenne"},"share_on_mastodon":{"url":"","error":""},"_links":{"self":[{"href":"https:\/\/www.europesays.com\/fr\/wp-json\/wp\/v2\/posts\/316287","targetHints":{"allow":["GET"]}}],"collection":[{"href":"https:\/\/www.europesays.com\/fr\/wp-json\/wp\/v2\/posts"}],"about":[{"href":"https:\/\/www.europesays.com\/fr\/wp-json\/wp\/v2\/types\/post"}],"author":[{"embeddable":true,"href":"https:\/\/www.europesays.com\/fr\/wp-json\/wp\/v2\/users\/2"}],"replies":[{"embeddable":true,"href":"https:\/\/www.europesays.com\/fr\/wp-json\/wp\/v2\/comments?post=316287"}],"version-history":[{"count":0,"href":"https:\/\/www.europesays.com\/fr\/wp-json\/wp\/v2\/posts\/316287\/revisions"}],"wp:featuredmedia":[{"embeddable":true,"href":"https:\/\/www.europesays.com\/fr\/wp-json\/wp\/v2\/media\/316288"}],"wp:attachment":[{"href":"https:\/\/www.europesays.com\/fr\/wp-json\/wp\/v2\/media?parent=316287"}],"wp:term":[{"taxonomy":"category","embeddable":true,"href":"https:\/\/www.europesays.com\/fr\/wp-json\/wp\/v2\/categories?post=316287"},{"taxonomy":"post_tag","embeddable":true,"href":"https:\/\/www.europesays.com\/fr\/wp-json\/wp\/v2\/tags?post=316287"}],"curies":[{"name":"wp","href":"https:\/\/api.w.org\/{rel}","templated":true}]}}