{"id":316297,"date":"2025-08-13T13:02:11","date_gmt":"2025-08-13T13:02:11","guid":{"rendered":"https:\/\/www.europesays.com\/fr\/316297\/"},"modified":"2025-08-13T13:02:11","modified_gmt":"2025-08-13T13:02:11","slug":"chief-of-war-sur-apple-tv-en-celebrant-ses-racines-jason-momoa-se-rachete-une-conduite-aupres-de-hollywood-marianne","status":"publish","type":"post","link":"https:\/\/www.europesays.com\/fr\/316297\/","title":{"rendered":"&quot;Chief of War&quot; sur Apple TV + : en c\u00e9l\u00e9brant ses racines, Jason Momoa se rach\u00e8te une conduite aupr\u00e8s de Hollywood &#8211; Marianne"},"content":{"rendered":"<ol>\n<li><a href=\"https:\/\/news.google.com\/rss\/articles\/CBMi5wFBVV95cUxNWWo1Sl9fRzBOckpxVXN3TGtiZERRZUExdFdQUWR6dFJtSUFaWHZwTExhWXhSd0pTLTVJOC1qcjlJaGd3eXdCeHZXTF85TmswdXA0MGFaelNwYUkyN25Zc2RFWkM2TGdoZ3Ntbjl4T0gyZzBkNzU1djhCT0NlZlhIUnNyMDlSTERZVzBmeFpFTnJFZmpxZVJJMzNrbnpqVlloaEJyYzhHaXRRZUNlN1lxbXZCeUxpYllzVDRPbmk2bUdrazhJUjFrdTdPb3RXOVg0VUo1M0dWLW92azFyTXpMWmlKQ2ROTTA?oc=5\" target=\"_blank\" rel=\"nofollow noopener\">\u00ab\u00a0Chief of War\u00a0\u00bb sur Apple TV + : en c\u00e9l\u00e9brant ses racines, Jason Momoa se rach\u00e8te une conduite aupr\u00e8s de Hollywood<\/a>&nbsp;&nbsp;Marianne<\/li>\n<li><a href=\"https:\/\/news.google.com\/rss\/articles\/CBMi0gFBVV95cUxOLUM4QlZKVm1iNElvMmFBRUFlMnFEbVVKN2EzbU1EMm05MU1tUE1lTjFWSmg5dU5SMUFyVkRQTkhOOUFpQk5jRlc2a185QUxVSU1zekRvQ2lBMU9YS3RyZ3dCcm5nM0lxNURpLUhSMmFaV2FjVU5aVllmZThoQkFnT3V4OWFfczFmSHBNVEdjREMtZ2IxQ1dFRzBUOEFYRXRsSVI5TE45aVJ2UkpzZGt4Z20zYVlLVURSZVZoUzVySTJpR0ZpTEVmZDM3OFBvQVNfa0E?oc=5\" target=\"_blank\" rel=\"nofollow noopener\">TOP 1 dans 60 pays, cette s\u00e9rie digne de Game of Thrones domine totalement ce rival de Netflix<\/a>&nbsp;&nbsp;JeuxVideo.com<\/li>\n<li><a href=\"https:\/\/news.google.com\/rss\/articles\/CBMifkFVX3lxTE9nQkZQQy1GTEV6TEloQ3Rkb09RS3cxTUJ4X013OWNCZVBHWV9fZ3dILTF6VGhTY09lSUFDUGg1eEc4UjRwTDhqcVFvXzhDVFJUcnZ2eHNVczVfVl9XT0RvVDl5aktMcWg5cEJ2M3VVcjZNSmVXT1dtYkpUOTZrQQ?oc=5\" target=\"_blank\" rel=\"nofollow noopener\">Chief of War : pourquoi la s\u00e9rie de Jason Momoa n&rsquo;est pas en anglais ?<\/a>&nbsp;&nbsp;AlloCin\u00e9<\/li>\n<li><a href=\"https:\/\/news.google.com\/rss\/articles\/CBMilgFBVV95cUxQQ0kxY2lOamh5WWRaeVY5UlRiN1JGX2doM2tJdmhwczUzTlh4RWM3VEtrU0tneFBSQ1p6X3gydk4wTDdfdHdsRjZkYVl6S1lsWVlGRG1KYk9GTjNFXzNIRlJQRDNSYTJFSWpXQmM4OUdpaHE0cmRHYlBIVnpLMW5sWkUtTmlmeFc0YzFxekdYbkh5aVhKWEE?oc=5\" target=\"_blank\" rel=\"nofollow noopener\">De nombreux anciens All-Blacks apparaissent au casting d\u2019une s\u00e9rie !<\/a>&nbsp;&nbsp;Blog RCT<\/li>\n<li><a href=\"https:\/\/news.google.com\/rss\/articles\/CBMiaEFVX3lxTE5mYkFWNmhJTGlUUktxWEI2eTZGR3p4RE5iWUJYNFNuNHdJRHdzNFIySkZhLXd2RmhyQW9wY081aDRGa2ZsNi1QdFlWTEF6MWZGLXJueXlnZFZUWG5fWUFVWmhBejJkRzV0?oc=5\" target=\"_blank\" rel=\"nofollow noopener\">[Apple+] D\u00e9couvrez le programme des sorties d&rsquo;ao\u00fbt 2025 !<\/a>&nbsp;&nbsp;actu-medias.info<\/li>\n<\/ol>\n","protected":false},"excerpt":{"rendered":"\u00ab\u00a0Chief of War\u00a0\u00bb sur Apple TV + : en c\u00e9l\u00e9brant ses racines, Jason Momoa se rach\u00e8te une conduite&hellip;\n","protected":false},"author":2,"featured_media":316298,"comment_status":"","ping_status":"","sticky":false,"template":"","format":"standard","meta":{"footnotes":""},"categories":[1416],"tags":[1011,27,479,1468,60],"class_list":{"0":"post-316297","1":"post","2":"type-post","3":"status-publish","4":"format-standard","5":"has-post-thumbnail","7":"category-rugby","8":"tag-fr","9":"tag-france","10":"tag-rugby","11":"tag-rugby-football","12":"tag-sports"},"share_on_mastodon":{"url":"https:\/\/pubeurope.com\/@fr\/115021594318512580","error":""},"_links":{"self":[{"href":"https:\/\/www.europesays.com\/fr\/wp-json\/wp\/v2\/posts\/316297","targetHints":{"allow":["GET"]}}],"collection":[{"href":"https:\/\/www.europesays.com\/fr\/wp-json\/wp\/v2\/posts"}],"about":[{"href":"https:\/\/www.europesays.com\/fr\/wp-json\/wp\/v2\/types\/post"}],"author":[{"embeddable":true,"href":"https:\/\/www.europesays.com\/fr\/wp-json\/wp\/v2\/users\/2"}],"replies":[{"embeddable":true,"href":"https:\/\/www.europesays.com\/fr\/wp-json\/wp\/v2\/comments?post=316297"}],"version-history":[{"count":0,"href":"https:\/\/www.europesays.com\/fr\/wp-json\/wp\/v2\/posts\/316297\/revisions"}],"wp:featuredmedia":[{"embeddable":true,"href":"https:\/\/www.europesays.com\/fr\/wp-json\/wp\/v2\/media\/316298"}],"wp:attachment":[{"href":"https:\/\/www.europesays.com\/fr\/wp-json\/wp\/v2\/media?parent=316297"}],"wp:term":[{"taxonomy":"category","embeddable":true,"href":"https:\/\/www.europesays.com\/fr\/wp-json\/wp\/v2\/categories?post=316297"},{"taxonomy":"post_tag","embeddable":true,"href":"https:\/\/www.europesays.com\/fr\/wp-json\/wp\/v2\/tags?post=316297"}],"curies":[{"name":"wp","href":"https:\/\/api.w.org\/{rel}","templated":true}]}}