{"id":316301,"date":"2025-08-13T13:05:13","date_gmt":"2025-08-13T13:05:13","guid":{"rendered":"https:\/\/www.europesays.com\/fr\/316301\/"},"modified":"2025-08-13T13:05:13","modified_gmt":"2025-08-13T13:05:13","slug":"lcr-nalignera-que-zarco-en-autriche-espargaro-au-depart-en-hongrie","status":"publish","type":"post","link":"https:\/\/www.europesays.com\/fr\/316301\/","title":{"rendered":"LCR n&rsquo;alignera que Zarco en Autriche, Espargar\u00f3 au d\u00e9part en Hongrie"},"content":{"rendered":"<p>Les <a href=\"https:\/\/fr.motorsport.com\/motogp\/news\/chantra-retour-pas-garanti-autriche\/10741852\/\" target=\"_blank\" rel=\"noopener\">maigres espoirs<\/a> de voir <a href=\"https:\/\/fr.motorsport.com\/driver\/somkiat-chantra\/823104\/\" target=\"_blank\" rel=\"noopener\">Somkiat Chantra<\/a> de retour au GP d&rsquo;Autriche se sont envol\u00e9s. Touch\u00e9 par une blessure au\u00a0ligament collat\u00e9ral fibulaire du genou droit apr\u00e8s une chute lors d&rsquo;un entra\u00eenement en motocross au d\u00e9but du mois de juillet, le Tha\u00eflandais a manqu\u00e9 les deux derni\u00e8res courses avant la pause estivale, et devra aussi faire l&rsquo;impasse sur les deux suivantes.<\/p>\n<p>Chantra a d\u00fb \u00eatre op\u00e9r\u00e9 et son genou a \u00e9t\u00e9 immobilis\u00e9 mais il travaille sur sa convalescence depuis plusieurs semaines. Ce mercredi matin, il a \u00e9t\u00e9 auscult\u00e9 par le\u00a0Dr \u00c1ngel Charte, directeur m\u00e9dical du MotoGP, et des sp\u00e9cialistes du genou au CHU Dexeus de Barcelone, habitu\u00e9 \u00e0 prendre en charge les pilotes. Ils ont conclu que le pilote LCR n&rsquo;\u00e9tait pas apte \u00e0 reprendre la comp\u00e9tition.<\/p>\n<p>La structure de Lucio Ceccinello a ainsi pr\u00e9cis\u00e9 que Somkiat Chantra manquera les courses du Red Bull Ring, ce week-end, mais aussi celles du Balaton Park une semaine plus tard.<\/p>\n<p>Lire aussi :<\/p>\n<p>Les \u00e9quipes du MotoGP doivent en th\u00e9orie remplacer les pilotes si leur absence dure plus de dix jours. Celle de Chantra d\u00e9passe un mois mais LCR \u00e9voque des \u00ab\u00a0circonstances\u00a0\u00bb particuli\u00e8res qui font que l&rsquo;\u00e9quipe n&rsquo;a \u00ab\u00a0pas \u00e9t\u00e9 en mesure de trouver un pilote rempla\u00e7ant qualifi\u00e9\u00a0\u00bb pour ce week-end, o\u00f9 seul <a href=\"https:\/\/fr.motorsport.com\/driver\/johann-zarco\/96107\/\" target=\"_blank\" rel=\"noopener\">Johann Zarco<\/a> sera engag\u00e9.<\/p>\n<p>Chantra n&rsquo;a pas \u00e9t\u00e9 remplac\u00e9 au Sachsenring et <a href=\"https:\/\/fr.motorsport.com\/driver\/takaaki-nakagami\/109418\/\" target=\"_blank\" rel=\"noopener\">Takaaki Nakagami<\/a>, qui \u00e9tait align\u00e9 \u00e0 Brno, s&rsquo;est <a href=\"https:\/\/fr.motorsport.com\/motogp\/news\/nakagami-blesse-genou-accident-fernandez\/10743458\/\" target=\"_blank\" rel=\"noopener\">bless\u00e9 au genou \u00e0 son tour<\/a>. Parmi les autres pilotes d&rsquo;essais de Honda, <a href=\"https:\/\/fr.motorsport.com\/driver\/stefan-bradl\/88379\/\" target=\"_blank\" rel=\"noopener\">Stefan Bradl<\/a> ne souhaite plus disputer des courses, et\u00a0<a href=\"https:\/\/fr.motorsport.com\/driver\/aleix-espargaro\/90382\/\" target=\"_blank\" rel=\"noopener\">Aleix Espargar\u00f3<\/a>, \u00e9galement pilote d&rsquo;essais de Honda, est lui aussi indisponible apr\u00e8s une blessure <a href=\"https:\/\/fr.motorsport.com\/motogp\/news\/aleix-espargaro-blesse-debuts-cycliste-professionnel\/10741345\/\" target=\"_blank\" rel=\"noopener\">lors de ses d\u00e9buts en tant que cycliste professionnel<\/a>. Le Catalan sera en revanche remis pour le GP de Hongrie et LCR a annonc\u00e9 qu&rsquo;il sera align\u00e9 aux c\u00f4t\u00e9s de Zarco pour cette course.<\/p>\n<p>Cet \u00e9t\u00e9, LCR avait pr\u00e9vu de faire appel \u00e0 <a href=\"https:\/\/fr.motorsport.com\/driver\/iker-lecuona\/442192\/\" target=\"_blank\" rel=\"noopener\">Iker Lecuona<\/a>, mais ce dernier s&rsquo;est \u00e9galement bless\u00e9, apr\u00e8s une chute au Balaton Park en WorldSBK. Il a d\u00fb renoncer \u00e0 faire \u00e9quipe avec Zarco aux 8 Heures de Suzuka, ce qui <a href=\"https:\/\/fr.motorsport.com\/motogp\/news\/zarco-tour-force-gagner-8h-suzuka\/10748437\/\" target=\"_blank\" rel=\"noopener\">n&rsquo;a pas emp\u00each\u00e9 le Fran\u00e7ais de s&rsquo;imposer<\/a>. <a href=\"https:\/\/fr.motorsport.com\/driver\/xavi-vierge\/314633\/\" target=\"_blank\" rel=\"noopener\">Xavi Vierge<\/a>, qui roule aussi pour Honda en WorldSBK, devait remplacer son compatriote mais des probl\u00e8mes administratifs l&rsquo;en ont emp\u00each\u00e9. Le nom de Vierge a aussi \u00e9t\u00e9 \u00e9voqu\u00e9 pour assurer l&rsquo;int\u00e9rim chez LCR mais son absence d&rsquo;exp\u00e9rience en MotoGP a visiblement jou\u00e9 contre lui.<\/p>\n<p>\u00c0 noter que <a href=\"https:\/\/fr.motorsport.com\/driver\/maverick-vinales\/96553\/\" target=\"_blank\" rel=\"noopener\">Maverick Vi\u00f1ales<\/a> et <a href=\"https:\/\/fr.motorsport.com\/driver\/franco-morbidelli\/109417\/\" target=\"_blank\" rel=\"noopener\">Franco Morbidelli<\/a>, \u00e9galement sur la touche lors des derni\u00e8res courses, vont quant \u00e0 eux <a href=\"https:\/\/fr.motorsport.com\/motogp\/news\/franco-morbidelli-retour-vr46-autriche\/10750187\/\" target=\"_blank\" rel=\"noopener\">faire leur retour ce week-end<\/a>.<\/p>\n<p>Lire aussi :<\/p>\n<p>Dans cet article<\/p>\n<p>Soyez le premier inform\u00e9 et souscrivez aux alertes mails pour recevoir les infos en temps r\u00e9el<\/p>\n<p>    S&rsquo;abonner aux alertes de news<\/p>\n","protected":false},"excerpt":{"rendered":"Les maigres espoirs de voir Somkiat Chantra de retour au GP d&rsquo;Autriche se sont envol\u00e9s. Touch\u00e9 par une&hellip;\n","protected":false},"author":2,"featured_media":316302,"comment_status":"","ping_status":"","sticky":false,"template":"","format":"standard","meta":{"footnotes":""},"categories":[1413],"tags":[16819,45507,1011,27,34489,45506,1457,1456,1458,34490,16689,60,3771],"class_list":{"0":"post-316301","1":"post","2":"type-post","3":"status-publish","4":"format-standard","5":"has-post-thumbnail","7":"category-moto","8":"tag-aleix-espargaru00f3","9":"tag-espargaru00f3-au-du00e9part-en-hongrie","10":"tag-fr","11":"tag-france","12":"tag-gp-dautriche","13":"tag-lcr-nalignera-que-zarco-en-autriche","14":"tag-moto","15":"tag-motocycle","16":"tag-motogp","17":"tag-red-bull-ring","18":"tag-somkiat-chantra","19":"tag-sports","20":"tag-team-lcr"},"share_on_mastodon":{"url":"https:\/\/pubeurope.com\/@fr\/115021605952694651","error":""},"_links":{"self":[{"href":"https:\/\/www.europesays.com\/fr\/wp-json\/wp\/v2\/posts\/316301","targetHints":{"allow":["GET"]}}],"collection":[{"href":"https:\/\/www.europesays.com\/fr\/wp-json\/wp\/v2\/posts"}],"about":[{"href":"https:\/\/www.europesays.com\/fr\/wp-json\/wp\/v2\/types\/post"}],"author":[{"embeddable":true,"href":"https:\/\/www.europesays.com\/fr\/wp-json\/wp\/v2\/users\/2"}],"replies":[{"embeddable":true,"href":"https:\/\/www.europesays.com\/fr\/wp-json\/wp\/v2\/comments?post=316301"}],"version-history":[{"count":0,"href":"https:\/\/www.europesays.com\/fr\/wp-json\/wp\/v2\/posts\/316301\/revisions"}],"wp:featuredmedia":[{"embeddable":true,"href":"https:\/\/www.europesays.com\/fr\/wp-json\/wp\/v2\/media\/316302"}],"wp:attachment":[{"href":"https:\/\/www.europesays.com\/fr\/wp-json\/wp\/v2\/media?parent=316301"}],"wp:term":[{"taxonomy":"category","embeddable":true,"href":"https:\/\/www.europesays.com\/fr\/wp-json\/wp\/v2\/categories?post=316301"},{"taxonomy":"post_tag","embeddable":true,"href":"https:\/\/www.europesays.com\/fr\/wp-json\/wp\/v2\/tags?post=316301"}],"curies":[{"name":"wp","href":"https:\/\/api.w.org\/{rel}","templated":true}]}}