{"id":316303,"date":"2025-08-13T13:06:14","date_gmt":"2025-08-13T13:06:14","guid":{"rendered":"https:\/\/www.europesays.com\/fr\/316303\/"},"modified":"2025-08-13T13:06:14","modified_gmt":"2025-08-13T13:06:14","slug":"dembele-hakimi-mbappe-les-hommages-se-multiplient-pour-donnarumma","status":"publish","type":"post","link":"https:\/\/www.europesays.com\/fr\/316303\/","title":{"rendered":"Demb\u00e9l\u00e9, Hakimi, Mbapp\u00e9&#8230; Les hommages se multiplient pour Donnarumma"},"content":{"rendered":"<p>Apr\u00e8s sa publication Instagram o\u00f9 il annonce son d\u00e9part et fait d\u00e9j\u00e0 ses adieux au Paris Saint-Germain, Gianluigi Donnarumma a re\u00e7u de nombreuses marques d\u2019affections de co\u00e9quipiers, pass\u00e9s ou pr\u00e9sents.<\/p>\n<p class=\"fig-paragraph\">Son d\u00e9part n\u2019a rien d\u2019officiel, mais Gianluigi Donnarumma re\u00e7oit des messages comme s\u2019il avait d\u00e9j\u00e0 fait ses adieux au Parc des Princes. Le gardien du Paris Saint-Germain\u00a0<a href=\"http:\/\/www.lefigaro.fr\/sports\/football\/transferts\/psg-quelqu-un-a-decide-que-je-ne-pouvais-plus-faire-partie-du-groupe-donnarumma-sort-du-silence-20250812\" data-fig-type=\"NewsFlash\" data-gtm-custom-categorie=\"navigation\" data-gtm-custom-action=\"crossclick\" data-gtm-custom-label=\"Contextuel\" data-gtm-event=\"customEventSPE\" data-fig-domain=\"LEFIGARO\" target=\"_blank\" rel=\"noopener\">a annonc\u00e9 son futur d\u00e9part<\/a>\u00a0dans une publication Instagram mardi. Plusieurs de ses co\u00e9quipiers actuels ont comment\u00e9 la publication.<\/p>\n<p class=\"fig-paragraph\">\u00abMerci pour tout numero uno\u00bb, a salu\u00e9 l\u2019international fran\u00e7ais Ousmane Demb\u00e9l\u00e9, qui a remport\u00e9 la Ligue des champions avec Donnarumma il y a deux mois et demi. \u00abUno di noi (l\u2019un des n\u00f4tres en italien)\u00bb, a \u00e9crit le lat\u00e9ral gauche parisien Achraf Hakimi. \u00abMerci pour tout fratello (fr\u00e8re)\u00bb, s\u2019est \u00e9mu le jeune milieu du PSG, Senny Mayulu.<\/p>\n<p>                                    <a class=\"fig-a11y-skip a11y-hidden\" href=\"#fig-a11y-skip-main-inarticle\"><br \/>\n        Passer la publicit\u00e9<br \/>\n    <\/a><\/p>\n<p class=\"fig-paragraph\">\u00abLe meilleur, merci Gigio\u00bb, a distill\u00e9 D\u00e9sir\u00e9 Dou\u00e9. Kylian Mbapp\u00e9, qui a partag\u00e9 le vestiaire parisien avec Donnarumma pendant trois ans (2021-24), a publi\u00e9 un c\u0153ur en r\u00e9ponse au message d\u2019adieu de l\u2019Italien, qui serait\u00a0<a href=\"http:\/\/www.lefigaro.fr\/sports\/football\/transferts\/mercato-donnarumma-priorite-de-manchester-city-le-psg-en-demande-50-m-20250812\" data-fig-type=\"NewsFlash\" data-gtm-custom-categorie=\"navigation\" data-gtm-custom-action=\"crossclick\" data-gtm-custom-label=\"Contextuel\" data-gtm-event=\"customEventSPE\" data-fig-domain=\"LEFIGARO\" target=\"_blank\" rel=\"noopener\">proche de rebondir \u00e0 Manchester City<\/a>. \u00abL\u00e9gende\u00bb, a simplement \u00e9crit l\u2019artiste DJ Snake, tr\u00e8s proche du PSG o\u00f9 les cages seront \u00e0 l\u2019avenir gard\u00e9es par Lucas Chevalier,\u00a0<a href=\"http:\/\/www.lefigaro.fr\/sports\/football\/transferts\/mercato-le-psg-officialise-la-signature-de-chevalier-20250809\" data-fig-type=\"NewsFlash\" data-gtm-custom-categorie=\"navigation\" data-gtm-custom-action=\"crossclick\" data-gtm-custom-label=\"Contextuel\" data-gtm-event=\"customEventSPE\" data-fig-domain=\"LEFIGARO\" target=\"_blank\" rel=\"noopener\">recrut\u00e9 cet \u00e9t\u00e9 en provenance de Lille<\/a>, poussant Donnarumma vers la sortie.<\/p>\n<p class=\"fig-paragraph\"><strong>\u00c0 VOIR AUSSI \u2013 <\/strong>\u00abUn nouveau cap dans ma carri\u00e8re\u00bb\u00a0: les premiers mots de Lucas Chevalier, nouveau gardien du PSG<\/p>\n","protected":false},"excerpt":{"rendered":"Apr\u00e8s sa publication Instagram o\u00f9 il annonce son d\u00e9part et fait d\u00e9j\u00e0 ses adieux au Paris Saint-Germain, Gianluigi&hellip;\n","protected":false},"author":2,"featured_media":316304,"comment_status":"","ping_status":"","sticky":false,"template":"","format":"standard","meta":{"footnotes":""},"categories":[1412],"tags":[1451,1452,1453,1454,1455,1011,27,10528,93,60],"class_list":{"0":"post-316303","1":"post","2":"type-post","3":"status-publish","4":"format-standard","5":"has-post-thumbnail","7":"category-f1","8":"tag-f1","9":"tag-formula-1","10":"tag-formula1","11":"tag-formule-1","12":"tag-formule1","13":"tag-fr","14":"tag-france","15":"tag-gianluigi-donnarumma","16":"tag-psg","17":"tag-sports"},"share_on_mastodon":{"url":"https:\/\/pubeurope.com\/@fr\/115021609923747017","error":""},"_links":{"self":[{"href":"https:\/\/www.europesays.com\/fr\/wp-json\/wp\/v2\/posts\/316303","targetHints":{"allow":["GET"]}}],"collection":[{"href":"https:\/\/www.europesays.com\/fr\/wp-json\/wp\/v2\/posts"}],"about":[{"href":"https:\/\/www.europesays.com\/fr\/wp-json\/wp\/v2\/types\/post"}],"author":[{"embeddable":true,"href":"https:\/\/www.europesays.com\/fr\/wp-json\/wp\/v2\/users\/2"}],"replies":[{"embeddable":true,"href":"https:\/\/www.europesays.com\/fr\/wp-json\/wp\/v2\/comments?post=316303"}],"version-history":[{"count":0,"href":"https:\/\/www.europesays.com\/fr\/wp-json\/wp\/v2\/posts\/316303\/revisions"}],"wp:featuredmedia":[{"embeddable":true,"href":"https:\/\/www.europesays.com\/fr\/wp-json\/wp\/v2\/media\/316304"}],"wp:attachment":[{"href":"https:\/\/www.europesays.com\/fr\/wp-json\/wp\/v2\/media?parent=316303"}],"wp:term":[{"taxonomy":"category","embeddable":true,"href":"https:\/\/www.europesays.com\/fr\/wp-json\/wp\/v2\/categories?post=316303"},{"taxonomy":"post_tag","embeddable":true,"href":"https:\/\/www.europesays.com\/fr\/wp-json\/wp\/v2\/tags?post=316303"}],"curies":[{"name":"wp","href":"https:\/\/api.w.org\/{rel}","templated":true}]}}