{"id":316305,"date":"2025-08-13T13:07:09","date_gmt":"2025-08-13T13:07:09","guid":{"rendered":"https:\/\/www.europesays.com\/fr\/316305\/"},"modified":"2025-08-13T13:07:09","modified_gmt":"2025-08-13T13:07:09","slug":"reusser-ne-voulait-pas-voir-ferrand-prevot-lemporter","status":"publish","type":"post","link":"https:\/\/www.europesays.com\/fr\/316305\/","title":{"rendered":"Reusser ne voulait pas voir Ferrand-Pr\u00e9vot l&#8217;emporter"},"content":{"rendered":"<p class=\"date\">\n                                                            Mathieu Warnier, Media365, publi\u00e9 le mercredi 13 ao\u00fbt 2025 \u00e0 12h50\n                                                    <\/p>\n<p>Face \u00e0 la pol\u00e9mique li\u00e9e au poids de Pauline Ferrand-Pr\u00e9vot sur le Tour de France Femmes, Marlen Reusser a conc\u00e9d\u00e9 avoir esp\u00e9rer voir la Fran\u00e7aise \u00e9chouer dans son objectif de remporter l&rsquo;\u00e9preuve.<\/p>\n<p>Apr\u00e8s le succ\u00e8s, place \u00e0 la pol\u00e9mique pour Pauline Ferrand-Pr\u00e9vot. Sacr\u00e9e sur le Tour de France Femmes d\u00e8s sa premi\u00e8re participation sous les couleurs de l&rsquo;\u00e9quipe Visma-Lease a Bike, la Tricolore a suscit\u00e9 l&rsquo;\u00e9moi en \u00e9voquant les sacrifices consentis pour pr\u00e9parer son corps \u00e0 une telle \u00e9preuve. En effet, la Champenoise a reconnu avoir perdu pas moins de quatre kilos par rapport \u00e0 son succ\u00e8s sur Paris-Roubaix en avril dernier. Contrainte \u00e0 l&rsquo;abandon d\u00e8s la 1ere \u00e9tape de la Grande Boucle apr\u00e8s n&rsquo;avoir pas r\u00e9cup\u00e9r\u00e9 d&rsquo;une intoxication alimentaire, Marlen Reusser a suivi l&rsquo;\u00e9preuve comme spectatrice et, dans un entretien accord\u00e9 au quotidien suisse germanophone Tages-Anzeiger, l&rsquo;ancienne triple championne d&rsquo;Europe du contre-la-montre a reconnu que \u00ab\u00a0Pauline Ferrand-Pr\u00e9vot a \u00e9tabli une nouvelle norme\u00a0\u00bb dans le cyclisme professionnel f\u00e9minin. \u00ab\u00a0Lorsque des coureuses connaissent un tel succ\u00e8s, cela nous met tous sous pression\u00a0\u00bb, a ajout\u00e9 la native de Jengenstorf qui s&rsquo;est montr\u00e9 tr\u00e8s franche lors de cet entretien. \u00ab\u00a0On esp\u00e9rait secr\u00e8tement qu&rsquo;elle ne gagne pas\u00a0\u00bb, a-t-elle ainsi lanc\u00e9 concernant la Tricolore.<\/p>\n<p>Reusser inqui\u00e8te du message envoy\u00e9 par Ferrand-Pr\u00e9vot<\/p>\n<p>De plus, Marlen Reusser se pose la question des \u00ab\u00a0cons\u00e9quences pour le corps\u00a0\u00bb du r\u00e9gime suivi par la championne olympique de VTT afin d&rsquo;\u00eatre dans les meilleures dispositions possibles au d\u00e9part du Tour de France Femmes. Un sujet qui lui tient \u00e0 c\u0153ur, \u00e9tant titulaire d&rsquo;un doctorat en m\u00e9decine. \u00ab\u00a0Est-ce que cela n&rsquo;est finalement pas si nocif si cette carence n&rsquo;est pas permanente ? Dans quelle mesure s&rsquo;agit-il d&rsquo;une optimisation, et \u00e0 partir de quand cela devient-il pathologique ?\u00a0\u00bb, a-t-elle ajout\u00e9. A l&rsquo;image de C\u00e9drine Kerbaol, la Suissesse s&rsquo;inqui\u00e8te du syndrome RED-S (d\u00e9ficit \u00e9nerg\u00e9tique relatif dans le sport) qui touche certaine cycliste et a appel\u00e9 en vain l&rsquo;UCI \u00e0 agir pour prot\u00e9ger la sant\u00e9 des coureuses. \u00ab\u00a0Lorsqu&rsquo;elle pr\u00e9sente son nouveau maillot et qu&rsquo;elle est visiblement fi\u00e8re qu&rsquo;il soit trop grand, cela envoie un message\u00a0\u00bb, a ajout\u00e9 la membre de l&rsquo;\u00e9quipe Movistar au sujet de Pauline Ferrand-Pr\u00e9vot. Des inqui\u00e9tudes auxquelles la Tricolore avait r\u00e9pondu en assurant que \u00ab\u00a0c&rsquo;est aux parents d&rsquo;\u00e9duquer les enfants et de leur expliquer (qu&rsquo;elles sont) des professionnelles donc que c&rsquo;est aussi (leur) travail d&rsquo;\u00eatre la meilleure possible\u00a0\u00bb, ajoutant que \u00ab\u00a0chaque kilogramme \u00e9tait important donc il faut en tirer le plus possible\u00a0\u00bb \u00e0 l&rsquo;occasion du dernier week-end du Tour de France Femmes.<\/p>\n","protected":false},"excerpt":{"rendered":"Mathieu Warnier, Media365, publi\u00e9 le mercredi 13 ao\u00fbt 2025 \u00e0 12h50 Face \u00e0 la pol\u00e9mique li\u00e9e au poids&hellip;\n","protected":false},"author":2,"featured_media":316306,"comment_status":"","ping_status":"","sticky":false,"template":"","format":"standard","meta":{"footnotes":""},"categories":[1411],"tags":[1154,207,1011,27,60],"class_list":{"0":"post-316305","1":"post","2":"type-post","3":"status-publish","4":"format-standard","5":"has-post-thumbnail","7":"category-cyclisme","8":"tag-cycling","9":"tag-cyclisme","10":"tag-fr","11":"tag-france","12":"tag-sports"},"share_on_mastodon":{"url":"https:\/\/pubeurope.com\/@fr\/115021613905095852","error":""},"_links":{"self":[{"href":"https:\/\/www.europesays.com\/fr\/wp-json\/wp\/v2\/posts\/316305","targetHints":{"allow":["GET"]}}],"collection":[{"href":"https:\/\/www.europesays.com\/fr\/wp-json\/wp\/v2\/posts"}],"about":[{"href":"https:\/\/www.europesays.com\/fr\/wp-json\/wp\/v2\/types\/post"}],"author":[{"embeddable":true,"href":"https:\/\/www.europesays.com\/fr\/wp-json\/wp\/v2\/users\/2"}],"replies":[{"embeddable":true,"href":"https:\/\/www.europesays.com\/fr\/wp-json\/wp\/v2\/comments?post=316305"}],"version-history":[{"count":0,"href":"https:\/\/www.europesays.com\/fr\/wp-json\/wp\/v2\/posts\/316305\/revisions"}],"wp:featuredmedia":[{"embeddable":true,"href":"https:\/\/www.europesays.com\/fr\/wp-json\/wp\/v2\/media\/316306"}],"wp:attachment":[{"href":"https:\/\/www.europesays.com\/fr\/wp-json\/wp\/v2\/media?parent=316305"}],"wp:term":[{"taxonomy":"category","embeddable":true,"href":"https:\/\/www.europesays.com\/fr\/wp-json\/wp\/v2\/categories?post=316305"},{"taxonomy":"post_tag","embeddable":true,"href":"https:\/\/www.europesays.com\/fr\/wp-json\/wp\/v2\/tags?post=316305"}],"curies":[{"name":"wp","href":"https:\/\/api.w.org\/{rel}","templated":true}]}}