{"id":316311,"date":"2025-08-13T13:10:20","date_gmt":"2025-08-13T13:10:20","guid":{"rendered":"https:\/\/www.europesays.com\/fr\/316311\/"},"modified":"2025-08-13T13:10:20","modified_gmt":"2025-08-13T13:10:20","slug":"saint-maurice-de-lignon-lexposition-de-vera-braun-exceptionnellement-ouverte-samedi","status":"publish","type":"post","link":"https:\/\/www.europesays.com\/fr\/316311\/","title":{"rendered":"Saint-Maurice-de-Lignon : l&rsquo;exposition de Vera Braun exceptionnellement ouverte samedi"},"content":{"rendered":"<p>\t\t\t\t\t\t\t\t\t\t\t\t\t\t\t\t\t\t\t\t\t\t\t\t\t\t\t\t\t\t\t\t\t\t\t\t\t\t\t\t\t\t\t\t\t\t<img decoding=\"async\" loading=\"lazy\" src=\"https:\/\/www.europesays.com\/fr\/wp-content\/uploads\/2025\/07\/CARRE.gif\" alt=\"Annonces l\u00e9gales Une\"\/><\/p>\n<p>\t\t\t\t\t\t\t\t\t\t\t\t\t\t\t\t\t\t\t\t\t\t\t\t\t\t\t\t\t\t\t\t\t\t\t\t\t\t\t\t\t\t\t\t\t\t<img decoding=\"async\" loading=\"lazy\" src=\"https:\/\/www.europesays.com\/fr\/wp-content\/uploads\/2025\/08\/carre_copy_copy.gif\" alt=\"Fraisse David carr\u00e9 2024\"\/><\/p>\n<p><strong>La mairie de Saint-Maurice-de-Lignon sera exceptionnellement ouverte samedi 16 ao\u00fbt de 14 heures \u00e0 17 h 30 pour l&rsquo;exposition de Vera Braun, plusieurs personnes seront pr\u00e9sentes pour renseigner les visiteurs.\u00a0<\/strong><\/p>\n<p>Vera Braun (1902-1997), n\u00e9e \u00e0 Budapest et morte \u00e0 Saint-Maurice-de-Lignon a laiss\u00e9 derri\u00e8re elle une riche collection de peintures, gravures, dessins. Une partie a \u00e9t\u00e9 s\u00e9lectionn\u00e9e et fait l&rsquo;objet d&rsquo;une premi\u00e8re exposition exceptionnelle \u00e0 la mairie de Saint-Maurice, \u00e0 l&rsquo;heureuse initiative des Amis de Maubourg.<\/p>\n<p>Exposition visible du 8 juillet au 30 ao\u00fbt, aux horaires d&rsquo;ouverture de la mairie. Entr\u00e9e libre<\/p>\n","protected":false},"excerpt":{"rendered":"La mairie de Saint-Maurice-de-Lignon sera exceptionnellement ouverte samedi 16 ao\u00fbt de 14 heures \u00e0 17 h 30 pour&hellip;\n","protected":false},"author":2,"featured_media":316312,"comment_status":"","ping_status":"","sticky":false,"template":"","format":"standard","meta":{"footnotes":""},"categories":[1358],"tags":[2281,1348,1384,1385,1386,58,59,2282,1011,27,2280,2284,2285,2283],"class_list":{"0":"post-316311","1":"post","2":"type-post","3":"status-publish","4":"format-standard","5":"has-post-thumbnail","7":"category-arts-et-design","8":"tag-actualite-43","9":"tag-arts","10":"tag-arts-and-design","11":"tag-arts-et-design","12":"tag-design","13":"tag-divertissement","14":"tag-entertainment","15":"tag-faits-divers-auvergne","16":"tag-fr","17":"tag-france","18":"tag-information-haute-loire","19":"tag-infos-43","20":"tag-journal-haute-loire","21":"tag-la-commere-43"},"share_on_mastodon":{"url":"https:\/\/pubeurope.com\/@fr\/115021626062346662","error":""},"_links":{"self":[{"href":"https:\/\/www.europesays.com\/fr\/wp-json\/wp\/v2\/posts\/316311","targetHints":{"allow":["GET"]}}],"collection":[{"href":"https:\/\/www.europesays.com\/fr\/wp-json\/wp\/v2\/posts"}],"about":[{"href":"https:\/\/www.europesays.com\/fr\/wp-json\/wp\/v2\/types\/post"}],"author":[{"embeddable":true,"href":"https:\/\/www.europesays.com\/fr\/wp-json\/wp\/v2\/users\/2"}],"replies":[{"embeddable":true,"href":"https:\/\/www.europesays.com\/fr\/wp-json\/wp\/v2\/comments?post=316311"}],"version-history":[{"count":0,"href":"https:\/\/www.europesays.com\/fr\/wp-json\/wp\/v2\/posts\/316311\/revisions"}],"wp:featuredmedia":[{"embeddable":true,"href":"https:\/\/www.europesays.com\/fr\/wp-json\/wp\/v2\/media\/316312"}],"wp:attachment":[{"href":"https:\/\/www.europesays.com\/fr\/wp-json\/wp\/v2\/media?parent=316311"}],"wp:term":[{"taxonomy":"category","embeddable":true,"href":"https:\/\/www.europesays.com\/fr\/wp-json\/wp\/v2\/categories?post=316311"},{"taxonomy":"post_tag","embeddable":true,"href":"https:\/\/www.europesays.com\/fr\/wp-json\/wp\/v2\/tags?post=316311"}],"curies":[{"name":"wp","href":"https:\/\/api.w.org\/{rel}","templated":true}]}}