{"id":316313,"date":"2025-08-13T13:11:22","date_gmt":"2025-08-13T13:11:22","guid":{"rendered":"https:\/\/www.europesays.com\/fr\/316313\/"},"modified":"2025-08-13T13:11:22","modified_gmt":"2025-08-13T13:11:22","slug":"484-romans-et-toujours-des-histoires-de-famille","status":"publish","type":"post","link":"https:\/\/www.europesays.com\/fr\/316313\/","title":{"rendered":"484 romans et toujours des histoires de famille"},"content":{"rendered":"<p>L\u2019\u00e9cole n\u2019a pas repris, les chanceux profitent encore en vacances et, d\u00e9j\u00e0, c\u2019est la rentr\u00e9e litt\u00e9raire. D\u00e8s ce mercredi 13\u00a0ao\u00fbt, des romans sortent des cartons, comme O\u00f9 les \u00e9toiles tombent, de C\u00e9dric Sapin-Dufour (Stock), ou Le livre de Kells, de Sorj Chalandon (Grasset). Une pr\u00e9cocit\u00e9 qui, chaque ann\u00e9e, \u00e9tonne. \u00ab\u00a0Il y a des lecteurs potentiels \u00e0 la fin de l\u2019\u00e9t\u00e9, pourquoi les faire attendre\u00a0?\u00a0\u00bb justifie une attach\u00e9e de presse. Dans la profession, certains, voulant rester dans la course aux prix, d\u00e9plorent cette pr\u00e9cipitation. Coureur de fond ou sprinter, qui a le plus de chances\u00a0?<\/p>\n<p>Cet article est r\u00e9serv\u00e9 aux abonn\u00e9s<\/p>\n<p>\n                    Vous souhaitez lire la suite\u00a0? Abonnez-vous sans engagement \u00e0 notre offre num\u00e9rique\n                <\/p>\n<p>                <a href=\"https:\/\/www.la-croix.com\/abonnement\" class=\"default-paywall__subscribe-button\" data-tracking=\"cta_click\" data-tracking-action=\"voir la page abonnement\" data-tracking-category=\"abonnement\" rel=\"nofollow noopener\" target=\"_blank\">Je m&rsquo;abonne<\/a><\/p>\n","protected":false},"excerpt":{"rendered":"L\u2019\u00e9cole n\u2019a pas repris, les chanceux profitent encore en vacances et, d\u00e9j\u00e0, c\u2019est la rentr\u00e9e litt\u00e9raire. D\u00e8s ce&hellip;\n","protected":false},"author":2,"featured_media":316314,"comment_status":"","ping_status":"","sticky":false,"template":"","format":"standard","meta":{"footnotes":""},"categories":[1357],"tags":[1379,58,59,1011,27,1380],"class_list":{"0":"post-316313","1":"post","2":"type-post","3":"status-publish","4":"format-standard","5":"has-post-thumbnail","7":"category-livres","8":"tag-books","9":"tag-divertissement","10":"tag-entertainment","11":"tag-fr","12":"tag-france","13":"tag-livres"},"share_on_mastodon":{"url":"https:\/\/pubeurope.com\/@fr\/115021629676104757","error":""},"_links":{"self":[{"href":"https:\/\/www.europesays.com\/fr\/wp-json\/wp\/v2\/posts\/316313","targetHints":{"allow":["GET"]}}],"collection":[{"href":"https:\/\/www.europesays.com\/fr\/wp-json\/wp\/v2\/posts"}],"about":[{"href":"https:\/\/www.europesays.com\/fr\/wp-json\/wp\/v2\/types\/post"}],"author":[{"embeddable":true,"href":"https:\/\/www.europesays.com\/fr\/wp-json\/wp\/v2\/users\/2"}],"replies":[{"embeddable":true,"href":"https:\/\/www.europesays.com\/fr\/wp-json\/wp\/v2\/comments?post=316313"}],"version-history":[{"count":0,"href":"https:\/\/www.europesays.com\/fr\/wp-json\/wp\/v2\/posts\/316313\/revisions"}],"wp:featuredmedia":[{"embeddable":true,"href":"https:\/\/www.europesays.com\/fr\/wp-json\/wp\/v2\/media\/316314"}],"wp:attachment":[{"href":"https:\/\/www.europesays.com\/fr\/wp-json\/wp\/v2\/media?parent=316313"}],"wp:term":[{"taxonomy":"category","embeddable":true,"href":"https:\/\/www.europesays.com\/fr\/wp-json\/wp\/v2\/categories?post=316313"},{"taxonomy":"post_tag","embeddable":true,"href":"https:\/\/www.europesays.com\/fr\/wp-json\/wp\/v2\/tags?post=316313"}],"curies":[{"name":"wp","href":"https:\/\/api.w.org\/{rel}","templated":true}]}}