{"id":316315,"date":"2025-08-13T13:12:23","date_gmt":"2025-08-13T13:12:23","guid":{"rendered":"https:\/\/www.europesays.com\/fr\/316315\/"},"modified":"2025-08-13T13:12:23","modified_gmt":"2025-08-13T13:12:23","slug":"tout-le-monde-veut-prendre-sa-place-elimine-joel-revele-limpact-de-lemission-sur-son-couple","status":"publish","type":"post","link":"https:\/\/www.europesays.com\/fr\/316315\/","title":{"rendered":"Tout le monde veut prendre sa place : \u00e9limin\u00e9, Jo\u00ebl r\u00e9v\u00e8le l\u2019impact de l\u2019\u00e9mission sur son couple"},"content":{"rendered":"<p>Le tr\u00e8s beau parcours de Jo\u00ebl a pris fin le mardi 12 juillet. Apr\u00e8s 173 victoires dans Tout le monde veut prendre sa place (France 2), le champion a fini par   <a href=\"https:\/\/www.programme-television.org\/news\/tv\/actualites-audiovisuel\/j-avais-decide-d-arreter-joel-reagit-a-son-elimination-apres-173-victoires-dans-tout-le-monde-veut-prendre-sa-place-4744176\" target=\"_self\" rel=\"nofollow noopener\">s&rsquo;incliner face \u00e0 Aur\u00e9lie<\/a>. Sa long\u00e9vit\u00e9 lui a permis d&rsquo;amasser un tr\u00e8s beau pactole, puisqu&rsquo;il quitte l&rsquo;\u00e9mission anim\u00e9e par Cyril F\u00e9raud avec 159 800 euros en poche.<\/p>\n<p>Jo\u00ebl aurait pu tenter de conserver sa place dans le fauteuil rouge en n\u00e9gociant avec Aur\u00e9lie. Seulement, le champion n&rsquo;a pas vraiment tout mis en \u0153uvre pour convaincre son adversaire. Le champion a d\u00e9clar\u00e9 : \u00ab\u00a0Tout a une fin. Je lui offre 100 euros\u00a0\u00bb. La cagnotte de sa rivale s&rsquo;est alors \u00e9lev\u00e9e \u00e0 1700 euros, et Aur\u00e9lie a, sans h\u00e9sit\u00e9, pr\u00e9f\u00e9r\u00e9 r\u00e9cup\u00e9rer le tant convoit\u00e9 fauteuil rouge du Champion de Tout le monde veut prendre sa place.<\/p>\n<p><a id=\"eztoc103264189_1\"\/>Tout le monde veut prendre sa place : Jo\u00ebl r\u00e9v\u00e8le comment le jeu a impact\u00e9 sa vie de couple<\/p>\n<p>Si il y a forc\u00e9ment une forme de d\u00e9ception dans le fait de voir son aventure se stopper, Jo\u00ebl y voit quand m\u00eame certains points positifs. Notamment en ce qui concerne son quotidien, comme il l&rsquo;a r\u00e9v\u00e9l\u00e9 \u00e0 nos confr\u00e8res de   <a href=\"https:\/\/www.programme-tv.net\/news\/tv\/385222-joel-tout-le-monde-veut-prendre-sa-place-explique-pourquoi-sa-femme-etait-soulagee-apres-son-elimination\/\" target=\"_blank\" rel=\"noopener nofollow\">T\u00e9l\u00e9loisirs<\/a>. Pour pouvoir tourner les \u00e9missions, il devait s&rsquo;absenter r\u00e9guli\u00e8rement de son domicile.<\/p>\n<p>\u00ab\u00a0Prendre le train pour me rendre sur les tournages commen\u00e7ait \u00e0 poser des probl\u00e8mes familiaux. Ce n&rsquo;\u00e9tait pas \u00e9vident pour ma femme non plus, il ne faut pas l&rsquo;oublier. C&rsquo;\u00e9tait parfois pendant quinze jours parce moi, je ne pouvais pas redescendre. On habite quand m\u00eame tr\u00e8s loin. Il y a eu des probl\u00e8mes de trains sur deux sessions et je suis rest\u00e9 quinze jours sur Paris\u00a0\u00bb, a-t-il r\u00e9v\u00e9l\u00e9.<\/p>\n<p>Jo\u00ebl explique que d&rsquo;une certaine mani\u00e8re, son \u00e9pouse avait quelque peu sentir venir son \u00e9limination. \u00ab\u00a0Elle m&rsquo;avait dit que je n&rsquo;\u00e9tais pas comme d&rsquo;habitude sur la derni\u00e8re session d&rsquo;enregistrements\u00a0\u00bb, ajoute-t-il. <a id=\"eztoc103264189_2\"\/><\/p>\n<p>Tout le monde veut prendre sa place : l&rsquo;\u00e9motion de Jo\u00ebl suite \u00e0 son \u00e9limination<\/p>\n<p>Suite \u00e0 sa d\u00e9faite face \u00e0 Aur\u00e9lie, Jo\u00ebl a vu l&rsquo;\u00e9motion s&#8217;emparer de lui, au point de   <a href=\"https:\/\/www.programme-television.org\/news\/tv\/sequences-tele\/elimination-de-joel-grosse-emotion-pour-le-deuxieme-plus-grand-champion-de-tout-le-monde-veut-prendre-sa-place-video-4744155\" target=\"_self\" rel=\"nofollow noopener\">tomber dans les bras de Cyril F\u00e9raud<\/a>. \u00ab\u00a0Du fond du coeur, je vous remercie tous. Je voudrais remercier toute l&rsquo;\u00e9quipe, vous \u00eates extraordinaires. Ceux qui sont dans le car-r\u00e9gie, dans les coulisses. Nico le cam\u00e9raman, Perrine, Julie&#8230; Et puis toi\u00a0\u00bb, a-t-il lanc\u00e9 \u00e0 l&rsquo;animateur.\n            <\/p>\n","protected":false},"excerpt":{"rendered":"Le tr\u00e8s beau parcours de Jo\u00ebl a pris fin le mardi 12 juillet. Apr\u00e8s 173 victoires dans Tout&hellip;\n","protected":false},"author":2,"featured_media":316316,"comment_status":"","ping_status":"","sticky":false,"template":"","format":"standard","meta":{"footnotes":""},"categories":[1356],"tags":[58,59,1011,27,252,1364],"class_list":{"0":"post-316315","1":"post","2":"type-post","3":"status-publish","4":"format-standard","5":"has-post-thumbnail","7":"category-television","8":"tag-divertissement","9":"tag-entertainment","10":"tag-fr","11":"tag-france","12":"tag-television","13":"tag-tv"},"share_on_mastodon":{"url":"https:\/\/pubeurope.com\/@fr\/115021633596622937","error":""},"_links":{"self":[{"href":"https:\/\/www.europesays.com\/fr\/wp-json\/wp\/v2\/posts\/316315","targetHints":{"allow":["GET"]}}],"collection":[{"href":"https:\/\/www.europesays.com\/fr\/wp-json\/wp\/v2\/posts"}],"about":[{"href":"https:\/\/www.europesays.com\/fr\/wp-json\/wp\/v2\/types\/post"}],"author":[{"embeddable":true,"href":"https:\/\/www.europesays.com\/fr\/wp-json\/wp\/v2\/users\/2"}],"replies":[{"embeddable":true,"href":"https:\/\/www.europesays.com\/fr\/wp-json\/wp\/v2\/comments?post=316315"}],"version-history":[{"count":0,"href":"https:\/\/www.europesays.com\/fr\/wp-json\/wp\/v2\/posts\/316315\/revisions"}],"wp:featuredmedia":[{"embeddable":true,"href":"https:\/\/www.europesays.com\/fr\/wp-json\/wp\/v2\/media\/316316"}],"wp:attachment":[{"href":"https:\/\/www.europesays.com\/fr\/wp-json\/wp\/v2\/media?parent=316315"}],"wp:term":[{"taxonomy":"category","embeddable":true,"href":"https:\/\/www.europesays.com\/fr\/wp-json\/wp\/v2\/categories?post=316315"},{"taxonomy":"post_tag","embeddable":true,"href":"https:\/\/www.europesays.com\/fr\/wp-json\/wp\/v2\/tags?post=316315"}],"curies":[{"name":"wp","href":"https:\/\/api.w.org\/{rel}","templated":true}]}}