{"id":316317,"date":"2025-08-13T13:13:11","date_gmt":"2025-08-13T13:13:11","guid":{"rendered":"https:\/\/www.europesays.com\/fr\/316317\/"},"modified":"2025-08-13T13:13:11","modified_gmt":"2025-08-13T13:13:11","slug":"serge-lama-trois-ans-apres-sa-retraite-un-biopic-en-preparation","status":"publish","type":"post","link":"https:\/\/www.europesays.com\/fr\/316317\/","title":{"rendered":"Serge Lama : trois ans apr\u00e8s sa retraite, un biopic en pr\u00e9paration"},"content":{"rendered":"<p>Mon ami, mon ma\u00eetre, Les P&rsquo;tites Femmes De Pigalle, Les Ballons rouges, L\u2019Alg\u00e9rie&#8230; <strong>Serge Lama<\/strong> ne compte plus les succ\u00e8s qu&rsquo;il a eu l&rsquo;occasion de chanter sur sc\u00e8ne. <\/p>\n<p><strong>Figure incontournable de l&rsquo;industrie musicale en France<\/strong>, l&rsquo;artiste a encha\u00een\u00e9 les titres pendant plus de 60 ans.<\/p>\n<p>Mais apr\u00e8s six d\u00e9cennies dans les studios et sur les routes, le chanteur a pris la d\u00e9cision de <strong><a href=\"https:\/\/www.public.fr\/serge-lama-a-la-retraite-il-fait-une-grande-annonce\" target=\"_blank\" rel=\"noopener\">mettre un terme \u00e0 sa carri\u00e8re<\/a>.<\/strong><\/p>\n<p>Serge Lama \u00e0 la retraite : un nouveau projet annonc\u00e9<\/p>\n<p>En 2023, c&rsquo;est lors de la 38e c\u00e9r\u00e9monie des Victoires de la musique sur France 2 que l&rsquo;octog\u00e9naire a eu l&rsquo;honneur de recevoir une Victoire de la Musique.<\/p>\n<p>\u00ab\u00a0Je suis tr\u00e8s \u00e9mu, car c&rsquo;est peut-\u00eatre la derni\u00e8re fois ce soir que je vois un public m&rsquo;acclamer debout. Et c&rsquo;est certainement la derni\u00e8re fois puisque, vous le savez,<strong>\u00a0j&rsquo;arr\u00eate les frais, mon corps ne peut plus suivre<\/strong>. Je ne veux pas chanter assis\u00a0\u00bb, a-t-il alors lanc\u00e9 avant d&rsquo;annoncer officiellement sa retraite sur le plateau de C \u00e0 vous. Une nouvelle qui n&rsquo;a pas manqu\u00e9 d&rsquo;\u00e9mouvoir ses admirateurs.<\/p>\n<p>Mais pas de panique ! Ce n&rsquo;est pas parce que Serge Lama a choisi d&rsquo;arr\u00eater de chanter qu&rsquo;il va dispara\u00eetre \u00e0 jamais.<\/p>\n<p>Au contraire ! Il serait m\u00eame sur le point de revenir sur le devant de la sc\u00e8ne avec un tout nouveau projet pour le moins inattendu : <strong>un documentaire<\/strong>.<\/p>\n<p>Une bande-annonce d\u00e9j\u00e0 disponible<\/p>\n<p>C&rsquo;est sur <a href=\"https:\/\/www.instagram.com\/sergelama.officiel\/\" target=\"_blank\" rel=\"noreferrer noopener\">Instagram<\/a> que l&rsquo;artiste a partag\u00e9 la nouvelle, d\u00e9voilant, par la m\u00eame occasion, le nom du r\u00e9alisateur : <strong>David Serero<\/strong>. <\/p>\n<p>Le cin\u00e9aste est visiblement fier de se pencher sur cet \u00ab\u00a0artiste l\u00e9gendaire de la chanson fran\u00e7aise\u00a0\u00bb. \u00ab\u00a0Tellement honor\u00e9 de raconter l\u2019histoire de ce grand Monsieur qui a marqu\u00e9 des g\u00e9n\u00e9rations avec ses textes, interpr\u00e9tations et courage exemplaire dans son parcours de vie. Tous les plus grands artistes y participent\u00a0\u00bb, a-t-il r\u00e9v\u00e9l\u00e9 avant d&rsquo;adresser \u00ab\u00a0un grand merci \u00e0 Serge Lama et Luana Santonino-Lama pour leur confiance, ainsi qu\u2019\u00e0 tous les participants\u00a0\u00bb.<\/p>\n<p>Pour le moment, aucune date de sortie n&rsquo;a \u00e9t\u00e9 communiqu\u00e9e. En attendant, <strong>un teaser de 60 secondes<\/strong> a \u00e9t\u00e9 mis en ligne sur YouTube.<\/p>\n<\/p>\n<p>      Mentionn\u00e9s dans cet article<\/p>\n<p>      Sur le m\u00eame sujet<\/p>\n<p>  <script async src=\"\/\/www.instagram.com\/embed.js\"><\/script><\/p>\n","protected":false},"excerpt":{"rendered":"Mon ami, mon ma\u00eetre, Les P&rsquo;tites Femmes De Pigalle, Les Ballons rouges, L\u2019Alg\u00e9rie&#8230; Serge Lama ne compte plus&hellip;\n","protected":false},"author":2,"featured_media":316318,"comment_status":"","ping_status":"","sticky":false,"template":"","format":"standard","meta":{"footnotes":""},"categories":[1355],"tags":[58,1190,59,1011,27,1361,873,10942],"class_list":{"0":"post-316317","1":"post","2":"type-post","3":"status-publish","4":"format-standard","5":"has-post-thumbnail","7":"category-musique","8":"tag-divertissement","9":"tag-documentaire","10":"tag-entertainment","11":"tag-fr","12":"tag-france","13":"tag-music","14":"tag-musique","15":"tag-serge-lama"},"share_on_mastodon":{"url":"https:\/\/pubeurope.com\/@fr\/115021637502269539","error":""},"_links":{"self":[{"href":"https:\/\/www.europesays.com\/fr\/wp-json\/wp\/v2\/posts\/316317","targetHints":{"allow":["GET"]}}],"collection":[{"href":"https:\/\/www.europesays.com\/fr\/wp-json\/wp\/v2\/posts"}],"about":[{"href":"https:\/\/www.europesays.com\/fr\/wp-json\/wp\/v2\/types\/post"}],"author":[{"embeddable":true,"href":"https:\/\/www.europesays.com\/fr\/wp-json\/wp\/v2\/users\/2"}],"replies":[{"embeddable":true,"href":"https:\/\/www.europesays.com\/fr\/wp-json\/wp\/v2\/comments?post=316317"}],"version-history":[{"count":0,"href":"https:\/\/www.europesays.com\/fr\/wp-json\/wp\/v2\/posts\/316317\/revisions"}],"wp:featuredmedia":[{"embeddable":true,"href":"https:\/\/www.europesays.com\/fr\/wp-json\/wp\/v2\/media\/316318"}],"wp:attachment":[{"href":"https:\/\/www.europesays.com\/fr\/wp-json\/wp\/v2\/media?parent=316317"}],"wp:term":[{"taxonomy":"category","embeddable":true,"href":"https:\/\/www.europesays.com\/fr\/wp-json\/wp\/v2\/categories?post=316317"},{"taxonomy":"post_tag","embeddable":true,"href":"https:\/\/www.europesays.com\/fr\/wp-json\/wp\/v2\/tags?post=316317"}],"curies":[{"name":"wp","href":"https:\/\/api.w.org\/{rel}","templated":true}]}}