{"id":316325,"date":"2025-08-13T13:17:11","date_gmt":"2025-08-13T13:17:11","guid":{"rendered":"https:\/\/www.europesays.com\/fr\/316325\/"},"modified":"2025-08-13T13:17:11","modified_gmt":"2025-08-13T13:17:11","slug":"deces-a-lage-de-60-ans-de-danielle-spencer-devenue-une-star-de-la-television-a-11-ans","status":"publish","type":"post","link":"https:\/\/www.europesays.com\/fr\/316325\/","title":{"rendered":"D\u00e9c\u00e8s \u00e0 l\u2019\u00e2ge de 60 ans de Danielle Spencer, devenue une star de la t\u00e9l\u00e9vision \u00e0 11 ans"},"content":{"rendered":"<p>Elle a incarn\u00e9 Dee Thomas dans la <a href=\"https:\/\/www.20minutes.fr\/arts-stars\/serie\/\" class=\"color-ultramarine c-link\" rel=\"nofollow noopener\" target=\"_blank\">s\u00e9rie<\/a> culte \u00ab\u00a0What\u2019s Happening\u00a0!\u00a0\u00bb dans les ann\u00e9es\u00a01970 aux <a href=\"https:\/\/www.20minutes.fr\/monde\/etats-unis\/\" class=\"color-ultramarine c-link\" rel=\"nofollow noopener\" target=\"_blank\">\u00c9tats-Unis<\/a>. Danielle Spencer, ancienne <a href=\"https:\/\/www.20minutes.fr\/dossier\/actrice\" class=\"color-ultramarine c-link\" rel=\"nofollow noopener\" target=\"_blank\">actrice<\/a>, est d\u00e9c\u00e9d\u00e9e ce lundi \u00e0 l\u2019\u00e2ge de 60 ans, rapporte le <a href=\"https:\/\/www.hollywoodreporter.com\/tv\/tv-news\/danielle-spencer-dead-whats-happening-1236342214\/\" target=\"_blank\" class=\"color-ultramarine c-link\" rel=\"nofollow noopener\">Hollywood Reporter<\/a>.<\/p>\n<p>L\u2019Am\u00e9ricaine est morte dans un <a href=\"https:\/\/www.20minutes.fr\/dossier\/hopital\" class=\"color-ultramarine c-link\" rel=\"nofollow noopener\" target=\"_blank\">h\u00f4pital<\/a> de Virginie. \u00ab\u00a0Elle a souffert pendant longtemps, mais elle l\u2019a fait avec beaucoup de courage\u00a0\u00bb, a indiqu\u00e9 Haywood Nelson, avec qui elle partageait l\u2019\u00e9cran, sur <a href=\"https:\/\/www.20minutes.fr\/high-tech\/instagram\/\" class=\"color-ultramarine c-link\" rel=\"nofollow noopener\" target=\"_blank\">Instagram<\/a>. Elle avait subi une double mastectomie en\u00a02014 apr\u00e8s un diagnostic de <a href=\"https:\/\/www.20minutes.fr\/dossier\/cancer_du_sein\" class=\"color-ultramarine c-link\" rel=\"nofollow noopener\" target=\"_blank\">cancer du sein<\/a> et avait subi une lourde intervention en\u00a02018 pour une h\u00e9morragie c\u00e9r\u00e9brale.<\/p>\n<p class=\"mb-xxl@xs color-ultramarine font-weight-semi-bold@xs font-source-serif-pro heading-s@xs\">L\u2019acc\u00e8s \u00e0 ce contenu a \u00e9t\u00e9 bloqu\u00e9 afin de respecter votre choix de consentement<\/p>\n<p class=\"mb-m@xs text-l@xs\">En cliquant sur\u00ab J\u2019accepte \u00bb, vous acceptez le d\u00e9p\u00f4t de cookies par des services externes et aurez ainsi acc\u00e8s aux contenus de nos partenaires.<\/p>\n<p class=\"mb-xl@xs text-s@xs\">Plus d\u2019informations sur la page<a href=\"https:\/\/www.20minutes.fr\/gestion-cookies\" class=\"mx-xxs@xs color-ultramarine\" rel=\"nofollow noopener\" target=\"_blank\">Politique de gestion des cookies<\/a><\/p>\n<p>J\u2019accepteTomb\u00e9e dans l\u2019oubli<\/p>\n<p>N\u00e9e en\u00a01965 et \u00e9lev\u00e9e \u00e0 <a href=\"https:\/\/www.20minutes.fr\/dossier\/new_york\" class=\"color-ultramarine c-link\" rel=\"nofollow noopener\" target=\"_blank\">New York<\/a>, Danielle Spencer a commenc\u00e9 le th\u00e9\u00e2tre \u00e0 7 ans et s\u2019est fait conna\u00eetre tr\u00e8s t\u00f4t. \u00c0 11 ans, elle a rejoint le casting de \u00ab\u00a0What\u2019s Happening\u00a0!\u00a0\u00bb, une s\u00e9rie diffus\u00e9e sur ABC dans les ann\u00e9es\u00a01970 et rapidement devenue culte. Elle a repris son r\u00f4le dans les ann\u00e9es\u00a01980 pour trois saisons dans la suite du programme <a href=\"https:\/\/www.20minutes.fr\/arts-stars\/television\/\" class=\"color-ultramarine c-link\" rel=\"nofollow noopener\" target=\"_blank\">t\u00e9l\u00e9vis\u00e9<\/a>, \u00ab\u00a0What\u2019s Happening Now\u00a0!\u00a0\u00bb.<\/p>\n<p class=\"mb-xxl@xs color-ultramarine font-weight-semi-bold@xs font-source-serif-pro heading-s@xs\">L\u2019acc\u00e8s \u00e0 ce contenu a \u00e9t\u00e9 bloqu\u00e9 afin de respecter votre choix de consentement<\/p>\n<p class=\"mb-m@xs text-l@xs\">En cliquant sur\u00ab J\u2019accepte \u00bb, vous acceptez le d\u00e9p\u00f4t de cookies par des services externes et aurez ainsi acc\u00e8s aux contenus de nos partenaires.<\/p>\n<p class=\"mb-xl@xs text-s@xs\">Plus d\u2019informations sur la page<a href=\"https:\/\/www.20minutes.fr\/gestion-cookies\" class=\"mx-xxs@xs color-ultramarine\" rel=\"nofollow noopener\" target=\"_blank\">Politique de gestion des cookies<\/a><\/p>\n<p>J\u2019accepte<\/p>\n<p>\u00ab\u00a0Je n\u2019avais jamais vu de jeune fille noire sous les feux de la rampe\u00a0\u00bb, confiait Danielle Spencer en\u00a02014. \u00ab\u00a0Je n\u2019avais donc aucun point de r\u00e9f\u00e9rence dans les m\u00e9dias pour savoir comment g\u00e9rer cette opportunit\u00e9.\u00a0\u00bb Apr\u00e8s la s\u00e9rie, l\u2019actrice a jou\u00e9 quelques petits r\u00f4les, mais a sombr\u00e9 dans l\u2019anonymat et est finalement devenue v\u00e9t\u00e9rinaire apr\u00e8s avoir d\u00e9m\u00e9nag\u00e9 avec sa famille en Californie, indique <a href=\"https:\/\/www.leparisien.fr\/culture-loisirs\/danielle-spencer-enfant-star-de-la-television-americaine-des-annees-1970-est-morte-a-lage-de-60-ans-12-08-2025-5CMQDI5DUFHM7M55AXP7NBD5MQ.php\" target=\"_blank\" class=\"color-ultramarine c-link\" rel=\"nofollow noopener\">Le Parisien<\/a>.<\/p>\n","protected":false},"excerpt":{"rendered":"Elle a incarn\u00e9 Dee Thomas dans la s\u00e9rie culte \u00ab\u00a0What\u2019s Happening\u00a0!\u00a0\u00bb dans les ann\u00e9es\u00a01970 aux \u00c9tats-Unis. Danielle Spencer,&hellip;\n","protected":false},"author":2,"featured_media":316326,"comment_status":"","ping_status":"","sticky":false,"template":"","format":"standard","meta":{"footnotes":""},"categories":[8],"tags":[2594,251,3983,58,59,73,1011,27,521,252],"class_list":{"0":"post-316325","1":"post","2":"type-post","3":"status-publish","4":"format-standard","5":"has-post-thumbnail","7":"category-divertissement","8":"tag-actrice","9":"tag-culture","10":"tag-deces","11":"tag-divertissement","12":"tag-entertainment","13":"tag-etats-unis","14":"tag-fr","15":"tag-france","16":"tag-serie","17":"tag-television"},"share_on_mastodon":{"url":"https:\/\/pubeurope.com\/@fr\/115021653178817743","error":""},"_links":{"self":[{"href":"https:\/\/www.europesays.com\/fr\/wp-json\/wp\/v2\/posts\/316325","targetHints":{"allow":["GET"]}}],"collection":[{"href":"https:\/\/www.europesays.com\/fr\/wp-json\/wp\/v2\/posts"}],"about":[{"href":"https:\/\/www.europesays.com\/fr\/wp-json\/wp\/v2\/types\/post"}],"author":[{"embeddable":true,"href":"https:\/\/www.europesays.com\/fr\/wp-json\/wp\/v2\/users\/2"}],"replies":[{"embeddable":true,"href":"https:\/\/www.europesays.com\/fr\/wp-json\/wp\/v2\/comments?post=316325"}],"version-history":[{"count":0,"href":"https:\/\/www.europesays.com\/fr\/wp-json\/wp\/v2\/posts\/316325\/revisions"}],"wp:featuredmedia":[{"embeddable":true,"href":"https:\/\/www.europesays.com\/fr\/wp-json\/wp\/v2\/media\/316326"}],"wp:attachment":[{"href":"https:\/\/www.europesays.com\/fr\/wp-json\/wp\/v2\/media?parent=316325"}],"wp:term":[{"taxonomy":"category","embeddable":true,"href":"https:\/\/www.europesays.com\/fr\/wp-json\/wp\/v2\/categories?post=316325"},{"taxonomy":"post_tag","embeddable":true,"href":"https:\/\/www.europesays.com\/fr\/wp-json\/wp\/v2\/tags?post=316325"}],"curies":[{"name":"wp","href":"https:\/\/api.w.org\/{rel}","templated":true}]}}