{"id":316327,"date":"2025-08-13T13:18:10","date_gmt":"2025-08-13T13:18:10","guid":{"rendered":"https:\/\/www.europesays.com\/fr\/316327\/"},"modified":"2025-08-13T13:18:10","modified_gmt":"2025-08-13T13:18:10","slug":"sa-fille-en-contact-avec-ses-parents-biologiques","status":"publish","type":"post","link":"https:\/\/www.europesays.com\/fr\/316327\/","title":{"rendered":"sa fille en contact avec ses parents biologiques\u00a0?"},"content":{"rendered":"<p><strong>Liens maintenus. <\/strong>M\u00e8re de Maya, adopt\u00e9e en 2010,\u00a0<a href=\"https:\/\/www.journaldesfemmes.fr\/people\/personnalites\/2871241-isabelle-mergault-sa-fille-maya-sa-maison-ses-amours-on-vous-dit-tout\/\" title=\"Isabelle Mergault\" rel=\"nofollow noopener\" target=\"_blank\">Isabelle Mergault<\/a> a confi\u00e9 que sa fille de 17 ans n&rsquo;avait pas rompu ses liens avec ses parents biologiques. \u00ab\u00a0C&rsquo;est une adoption simple, ce qui signifie qu&rsquo;elle voit toujours ses parents biologiques r\u00e9guli\u00e8rement. Hier soir par exemple, elle a d\u00een\u00e9 avec son p\u00e8re. Moi, je suis charg\u00e9e de son \u00e9ducation, mais \u00e7a va au-del\u00e0 de \u00e7a\u00a0\u00bb, a racont\u00e9 la com\u00e9dienne et r\u00e9alisatrice de 67 ans dans le Club de l&rsquo;\u00e9t\u00e9 sur Europe 1.\u00a0<\/p>\n","protected":false},"excerpt":{"rendered":"Liens maintenus. M\u00e8re de Maya, adopt\u00e9e en 2010,\u00a0Isabelle Mergault a confi\u00e9 que sa fille de 17 ans n&rsquo;avait&hellip;\n","protected":false},"author":2,"featured_media":316328,"comment_status":"","ping_status":"","sticky":false,"template":"","format":"standard","meta":{"footnotes":""},"categories":[7],"tags":[1011,27,43,40,41,39,42,44],"class_list":{"0":"post-316327","1":"post","2":"type-post","3":"status-publish","4":"format-standard","5":"has-post-thumbnail","7":"category-sciences-et-technologies","8":"tag-fr","9":"tag-france","10":"tag-science","11":"tag-science-and-technology","12":"tag-sciences","13":"tag-sciences-et-technologies","14":"tag-technologies","15":"tag-technology"},"share_on_mastodon":{"url":"https:\/\/pubeurope.com\/@fr\/115021657250627239","error":""},"_links":{"self":[{"href":"https:\/\/www.europesays.com\/fr\/wp-json\/wp\/v2\/posts\/316327","targetHints":{"allow":["GET"]}}],"collection":[{"href":"https:\/\/www.europesays.com\/fr\/wp-json\/wp\/v2\/posts"}],"about":[{"href":"https:\/\/www.europesays.com\/fr\/wp-json\/wp\/v2\/types\/post"}],"author":[{"embeddable":true,"href":"https:\/\/www.europesays.com\/fr\/wp-json\/wp\/v2\/users\/2"}],"replies":[{"embeddable":true,"href":"https:\/\/www.europesays.com\/fr\/wp-json\/wp\/v2\/comments?post=316327"}],"version-history":[{"count":0,"href":"https:\/\/www.europesays.com\/fr\/wp-json\/wp\/v2\/posts\/316327\/revisions"}],"wp:featuredmedia":[{"embeddable":true,"href":"https:\/\/www.europesays.com\/fr\/wp-json\/wp\/v2\/media\/316328"}],"wp:attachment":[{"href":"https:\/\/www.europesays.com\/fr\/wp-json\/wp\/v2\/media?parent=316327"}],"wp:term":[{"taxonomy":"category","embeddable":true,"href":"https:\/\/www.europesays.com\/fr\/wp-json\/wp\/v2\/categories?post=316327"},{"taxonomy":"post_tag","embeddable":true,"href":"https:\/\/www.europesays.com\/fr\/wp-json\/wp\/v2\/tags?post=316327"}],"curies":[{"name":"wp","href":"https:\/\/api.w.org\/{rel}","templated":true}]}}