{"id":316330,"date":"2025-08-13T13:20:10","date_gmt":"2025-08-13T13:20:10","guid":{"rendered":"https:\/\/www.europesays.com\/fr\/316330\/"},"modified":"2025-08-13T13:20:10","modified_gmt":"2025-08-13T13:20:10","slug":"la-russie-revendique-la-prise-de-deux-nouvelles-localites-dans-lest","status":"publish","type":"post","link":"https:\/\/www.europesays.com\/fr\/316330\/","title":{"rendered":"la Russie revendique la prise de deux nouvelles localit\u00e9s dans l\u2019Est"},"content":{"rendered":"<p>Les deux zones, situ\u00e9es dans la r\u00e9gion de Donetsk, se situent dans un secteur \u00abstrat\u00e9gique\u00bb de l\u2019Ukraine. Le gouverneur de Donetsk y a ordonn\u00e9 des \u00e9vacuations.<\/p>\n<p class=\"fig-paragraph\">La\u00a0<a href=\"http:\/\/www.lefigaro.fr\/international\/je-vais-en-russie-declare-donald-trump-pour-evoquer-sa-rencontre-avec-vladimir-poutine-en-alaska-20250811\" target=\"_blank\" data-fig-type=\"NewsFlash\" rel=\"noopener\" data-gtm-custom-categorie=\"navigation\" data-gtm-custom-action=\"crossclick\" data-gtm-custom-label=\"Contextuel\" data-gtm-event=\"customEventSPE\" data-fig-domain=\"LEFIGARO\">Russie<\/a>\u00a0a revendiqu\u00e9 mercredi la prise de deux localit\u00e9s dans l\u2019est de l\u2019Ukraine, dans un secteur strat\u00e9gique o\u00f9 Moscou a effectu\u00e9 ces derniers jours de rapides avanc\u00e9es laissant augurer une possible perc\u00e9e d\u2019ampleur.<\/p>\n<p class=\"fig-paragraph\">Dans un communiqu\u00e9, le minist\u00e8re russe de la D\u00e9fense a affirm\u00e9 que ses unit\u00e9s avaient conquis les localit\u00e9s de Nykanorivka et Souvorov\u00e9, situ\u00e9es au sud-ouest de la ville-garnison de Dobropillia, dans la r\u00e9gion de\u00a0<a href=\"http:\/\/www.lefigaro.fr\/flash-actu\/la-russie-revendique-la-capture-d-un-nouveau-village-dans-la-region-de-donetsk-20250713\" target=\"_blank\" data-fig-type=\"NewsFlash\" rel=\"noopener\" data-gtm-custom-categorie=\"navigation\" data-gtm-custom-action=\"crossclick\" data-gtm-custom-label=\"Contextuel\" data-gtm-event=\"customEventSPE\" data-fig-domain=\"LEFIGARO\">Donetsk<\/a>. Ces deux villages se trouvent \u00e0 quelques kilom\u00e8tres au sud d\u2019une importante et rapide avanc\u00e9e des troupes russes signal\u00e9es mardi par l\u2019arm\u00e9e de Kiev et des observateurs militaires ukrainiens.<\/p>\n<p>                                    <a class=\"fig-a11y-skip a11y-hidden\" href=\"#fig-a11y-skip-main-inarticle\"><br \/>\n        Passer la publicit\u00e9<br \/>\n    <\/a><\/p>\n<p class=\"fig-paragraph\">Une carte du front, publi\u00e9e par le site d\u2019analyse militaire DeepState, proche de l\u2019arm\u00e9e ukrainienne, montre un \u00e9troit couloir toujours sous contr\u00f4le russe dans cette zone, ce qui menace Dobropillia, qui se trouve au nord-ouest de\u00a0<a href=\"http:\/\/www.lefigaro.fr\/international\/en-ukraine-la-ville-cruciale-de-pokrovsk-au-bord-de-l-effondrement-le-recit-de-l-envoye-special-du-figaro-20250223\" target=\"_blank\" data-fig-type=\"Article\" rel=\"noopener\" data-gtm-custom-categorie=\"navigation\" data-gtm-custom-action=\"crossclick\" data-gtm-custom-label=\"Contextuel\" data-gtm-event=\"customEventSPE\" data-fig-domain=\"LEFIGARO\">Pokrovsk<\/a>, une ville mini\u00e8re \u00e9picentre des combats depuis des mois. Mardi, le pr\u00e9sident ukrainien Volodymyr Zelensky a confirm\u00e9 que des \u00abgroupes\u00bb de soldats russes avaient progress\u00e9 dans ce secteur sur une profondeur d\u2019environ 10 kilom\u00e8tres, mais a minimis\u00e9 leur force, assurant qu\u2019il s\u2019agissait de fantassins sans \u00e9quipements lourds qui seraient \u00abprochainement\u00bb d\u00e9truits.<\/p>\n<p>\u00c9vacuation d\u2019une dizaine de localit\u00e9s<\/p>\n<p class=\"fig-paragraph\">Le gouverneur de la r\u00e9gion de Donetsk, Vadym Filachkine, a pourtant annonc\u00e9 l\u2019\u00ab\u2019\u00e9vacuation obligatoire de familles avec enfants\u00bb dans une dizaine de localit\u00e9s, notamment la petite ville de Bilozersk\u00e9. Selon lui, quelque 1150 enfants se trouvent encore dans la zone concern\u00e9e.<\/p>\n<p class=\"fig-paragraph\">Les forces de Kiev, moins nombreuses et moins bien \u00e9quip\u00e9es que celle du Kremlin, sont sur la d\u00e9fensive depuis des mois, en particulier dans la r\u00e9gion de Donetsk, la priorit\u00e9 de Moscou qui en revendique l\u2019annexion. Ces avanc\u00e9es soul\u00e8vent la possibilit\u00e9 d\u2019une perc\u00e9e favorable au Kremlin avant le sommet tr\u00e8s attendu entre Vladimir Poutine et son homologue am\u00e9ricain, en Alaska, pour discuter d\u2019un possible r\u00e8glement du conflit. L\u2019une des solutions \u00e9voqu\u00e9es par Washington, sans plus de pr\u00e9cisions, serait un\u00a0<a href=\"http:\/\/www.lefigaro.fr\/flash-actu\/guerre-en-ukraine-donald-trump-dit-s-attendre-a-une-rencontre-constructive-avec-vladimir-poutine-lors-du-sommet-en-alaska-20250811\" target=\"_blank\" data-fig-type=\"NewsFlash\" rel=\"noopener\" data-gtm-custom-categorie=\"navigation\" data-gtm-custom-action=\"crossclick\" data-gtm-custom-label=\"Contextuel\" data-gtm-event=\"customEventSPE\" data-fig-domain=\"LEFIGARO\">\u00e9change de territoires<\/a>\u00a0entre les deux pays. Une proposition balay\u00e9e par Kiev et ses alli\u00e9s europ\u00e9ens.<\/p>\n","protected":false},"excerpt":{"rendered":"Les deux zones, situ\u00e9es dans la r\u00e9gion de Donetsk, se situent dans un secteur \u00abstrat\u00e9gique\u00bb de l\u2019Ukraine. Le&hellip;\n","protected":false},"author":2,"featured_media":316331,"comment_status":"","ping_status":"","sticky":false,"template":"","format":"standard","meta":{"footnotes":""},"categories":[5],"tags":[11,1011,27,131,14,12,132,220,28],"class_list":{"0":"post-316330","1":"post","2":"type-post","3":"status-publish","4":"format-standard","5":"has-post-thumbnail","7":"category-international","8":"tag-actualites","9":"tag-fr","10":"tag-france","11":"tag-guerre-en-ukraine","12":"tag-international","13":"tag-news","14":"tag-russie","15":"tag-ukraine","16":"tag-world"},"share_on_mastodon":{"url":"https:\/\/pubeurope.com\/@fr\/115021665046463465","error":""},"_links":{"self":[{"href":"https:\/\/www.europesays.com\/fr\/wp-json\/wp\/v2\/posts\/316330","targetHints":{"allow":["GET"]}}],"collection":[{"href":"https:\/\/www.europesays.com\/fr\/wp-json\/wp\/v2\/posts"}],"about":[{"href":"https:\/\/www.europesays.com\/fr\/wp-json\/wp\/v2\/types\/post"}],"author":[{"embeddable":true,"href":"https:\/\/www.europesays.com\/fr\/wp-json\/wp\/v2\/users\/2"}],"replies":[{"embeddable":true,"href":"https:\/\/www.europesays.com\/fr\/wp-json\/wp\/v2\/comments?post=316330"}],"version-history":[{"count":0,"href":"https:\/\/www.europesays.com\/fr\/wp-json\/wp\/v2\/posts\/316330\/revisions"}],"wp:featuredmedia":[{"embeddable":true,"href":"https:\/\/www.europesays.com\/fr\/wp-json\/wp\/v2\/media\/316331"}],"wp:attachment":[{"href":"https:\/\/www.europesays.com\/fr\/wp-json\/wp\/v2\/media?parent=316330"}],"wp:term":[{"taxonomy":"category","embeddable":true,"href":"https:\/\/www.europesays.com\/fr\/wp-json\/wp\/v2\/categories?post=316330"},{"taxonomy":"post_tag","embeddable":true,"href":"https:\/\/www.europesays.com\/fr\/wp-json\/wp\/v2\/tags?post=316330"}],"curies":[{"name":"wp","href":"https:\/\/api.w.org\/{rel}","templated":true}]}}