{"id":316332,"date":"2025-08-13T13:21:13","date_gmt":"2025-08-13T13:21:13","guid":{"rendered":"https:\/\/www.europesays.com\/fr\/316332\/"},"modified":"2025-08-13T13:21:13","modified_gmt":"2025-08-13T13:21:13","slug":"les-alpes-de-haute-provence-et-les-hautes-alpes-en-vigilance-orange-cet-apres-midi","status":"publish","type":"post","link":"https:\/\/www.europesays.com\/fr\/316332\/","title":{"rendered":"les Alpes-de-Haute-Provence et les Hautes-Alpes en vigilance orange cet apr\u00e8s-midi"},"content":{"rendered":"<p>En raison de la d\u00e9gradation des conditions m\u00e9t\u00e9orologiques, M\u00e9t\u00e9o France place le d\u00e9partement des <a href=\"https:\/\/www.laprovence.com\/region\/Edition-alpes\" target=\"_blank\" rel=\"noopener\">Alpes-de-Haute-Provence<\/a> en vigilance \u00ab\u00a0orange\u00a0\u00bb orages, ce mercredi 13 ao\u00fbt 2025 \u00e0 partir de midi et jusqu&rsquo;\u00e0 21h. \u00ab\u00a0Le ph\u00e9nom\u00e8ne m\u00e9t\u00e9orologique d\u00e9butera vers 12h sur les zones de haute altitude (<a href=\"https:\/\/www.laprovence.com\/article\/region\/75860859656051\/la-vallee-de-lubaye-une-pepite-pour-toutes-les-activites-de-pleine-nature\" target=\"_blank\" rel=\"noopener\">Ubaye<\/a>, Mercantour) avant de se d\u00e9caler rapidement \u00e0 toutes les vall\u00e9es du d\u00e9partement\u00a0\u00bb, d\u00e9taille, dans un communiqu\u00e9, la Pr\u00e9fecture, qui appelle la population \u00e0 la prudence. Les Hautes-Alpes sont \u00e9galement en alerte cet apr\u00e8s-midi, pr\u00e9cise M\u00e9t\u00e9o France Sud-Est sur X.<\/p>\n<p>D&rsquo;importants cumuls de pluie<\/p>\n<p>Des cumuls de pluie de 50 \u00e0 70 mm sont attendus \u00ab\u00a0en tr\u00e8s peu de temps\u00a0\u00bb. Les orages pourront s&rsquo;accompagner de chutes de gr\u00eale pouvant \u00eatre d&rsquo;un diam\u00e8tre \u00ab\u00a0assez gros\u00a0\u00bb et de rafales de vent pouvant atteindre 80 km\/h.<\/p>\n<p>Ce mardi 12 ao\u00fbt, des \u00e9pisodes orageux localis\u00e9s avaient d\u00e9j\u00e0 frapp\u00e9 les Alpes du Sud, notamment la vall\u00e9e de l&rsquo;Ubaye et le Brian\u00e7onnais o\u00f9 <a href=\"https:\/\/www.laprovence.com\/article\/region\/1892970509385114\/le-col-du-montgenevre-qui-relie-les-hautes-alpes-a-litalie-ferme-a-la-suite-de-coulees-de-boue\" target=\"_blank\" rel=\"noopener\">le col du Montgen\u00e8vre a \u00e9t\u00e9 coup\u00e9 \u00e0 la circulation<\/a> en raison de coul\u00e9es de boue.<\/p>\n<p>Les Alpes-de-Haute-Provence restent en vigilance \u00ab\u00a0orange\u00a0\u00bb canicule et en vigilance \u00ab\u00a0jaune\u00a0\u00bb pluie-inondations. Les Hautes-Alpes sont \u00e9galement plac\u00e9es en vigilance \u00ab\u00a0orange\u00a0\u00bb canicule et orages et en vigilance \u00ab\u00a0jaune\u00a0\u00bb pluie inondations.\u00a0<\/p>\n","protected":false},"excerpt":{"rendered":"En raison de la d\u00e9gradation des conditions m\u00e9t\u00e9orologiques, M\u00e9t\u00e9o France place le d\u00e9partement des Alpes-de-Haute-Provence en vigilance \u00ab\u00a0orange\u00a0\u00bb&hellip;\n","protected":false},"author":2,"featured_media":316333,"comment_status":"","ping_status":"","sticky":false,"template":"","format":"standard","meta":{"footnotes":""},"categories":[4],"tags":[17,11,898,1298,1011,27,881,151,12,4594,16,25,15192],"class_list":{"0":"post-316332","1":"post","2":"type-post","3":"status-publish","4":"format-standard","5":"has-post-thumbnail","7":"category-france","8":"tag-17","9":"tag-actualites","10":"tag-alerte","11":"tag-alpes-de-haute-provence","12":"tag-fr","13":"tag-france","14":"tag-hautes-alpes","15":"tag-les","16":"tag-news","17":"tag-orages","18":"tag-region","19":"tag-republique-francaise","20":"tag-vigilance"},"share_on_mastodon":{"url":"https:\/\/pubeurope.com\/@fr\/115021668876924178","error":""},"_links":{"self":[{"href":"https:\/\/www.europesays.com\/fr\/wp-json\/wp\/v2\/posts\/316332","targetHints":{"allow":["GET"]}}],"collection":[{"href":"https:\/\/www.europesays.com\/fr\/wp-json\/wp\/v2\/posts"}],"about":[{"href":"https:\/\/www.europesays.com\/fr\/wp-json\/wp\/v2\/types\/post"}],"author":[{"embeddable":true,"href":"https:\/\/www.europesays.com\/fr\/wp-json\/wp\/v2\/users\/2"}],"replies":[{"embeddable":true,"href":"https:\/\/www.europesays.com\/fr\/wp-json\/wp\/v2\/comments?post=316332"}],"version-history":[{"count":0,"href":"https:\/\/www.europesays.com\/fr\/wp-json\/wp\/v2\/posts\/316332\/revisions"}],"wp:featuredmedia":[{"embeddable":true,"href":"https:\/\/www.europesays.com\/fr\/wp-json\/wp\/v2\/media\/316333"}],"wp:attachment":[{"href":"https:\/\/www.europesays.com\/fr\/wp-json\/wp\/v2\/media?parent=316332"}],"wp:term":[{"taxonomy":"category","embeddable":true,"href":"https:\/\/www.europesays.com\/fr\/wp-json\/wp\/v2\/categories?post=316332"},{"taxonomy":"post_tag","embeddable":true,"href":"https:\/\/www.europesays.com\/fr\/wp-json\/wp\/v2\/tags?post=316332"}],"curies":[{"name":"wp","href":"https:\/\/api.w.org\/{rel}","templated":true}]}}