{"id":316338,"date":"2025-08-13T13:24:11","date_gmt":"2025-08-13T13:24:11","guid":{"rendered":"https:\/\/www.europesays.com\/fr\/316338\/"},"modified":"2025-08-13T13:24:11","modified_gmt":"2025-08-13T13:24:11","slug":"le-restaurant-doit-fermer-provisoirement","status":"publish","type":"post","link":"https:\/\/www.europesays.com\/fr\/316338\/","title":{"rendered":"le restaurant doit fermer provisoirement"},"content":{"rendered":"<p>Dix pompiers ont \u00e9t\u00e9 mobilis\u00e9s, ce mercredi \u00e0 la mi-journ\u00e9e, pour venir \u00e0 bout d\u2019un feu de climatisation dans un local, boulevard Alexandre-de-Fraissinette, au rond-point.<\/p>\n<p>Le sinistre s\u2019est propag\u00e9 au <a href=\"https:\/\/www.leprogres.fr\/economie\/2024\/09\/06\/burger-king-ouvre-jeudi-prochain-dans-l-ancien-quick-du-rond-point\" target=\"_blank\" rel=\"nofollow noopener\">restaurant Burger King<\/a> situ\u00e9 \u00e0 imm\u00e9diate proximit\u00e9, au rez-de-chauss\u00e9e d\u2019un immeuble de dix \u00e9tages. Les 25 occupants de l\u2019\u00e9tablissement de restauration rapide avaient quitt\u00e9 les lieux \u00e0 l\u2019arriv\u00e9e des pompiers.<\/p>\n<p>28 salari\u00e9s\u00a0au ch\u00f4mage technique<\/p>\n<p>Malgr\u00e9 l\u2019action rapide de ces derniers, le restaurant a \u00e9t\u00e9 endommag\u00e9 et des travaux de remise en \u00e9tat seront n\u00e9cessaires avant une r\u00e9ouverture. Les vingt-huit salari\u00e9s se retrouvent, donc, au ch\u00f4mage technique.<\/p>\n","protected":false},"excerpt":{"rendered":"Dix pompiers ont \u00e9t\u00e9 mobilis\u00e9s, ce mercredi \u00e0 la mi-journ\u00e9e, pour venir \u00e0 bout d\u2019un feu de climatisation&hellip;\n","protected":false},"author":2,"featured_media":316339,"comment_status":"","ping_status":"","sticky":false,"template":"","format":"standard","meta":{"footnotes":""},"categories":[9653],"tags":[1111,11,2430,7539,1777,674,274,1011,27,1310,3367,12,25,4001,7538],"class_list":{"0":"post-316338","1":"post","2":"type-post","3":"status-publish","4":"format-standard","5":"has-post-thumbnail","7":"category-saint-etienne","8":"tag-actu","9":"tag-actualites","10":"tag-auvergne-rhone-alpes","11":"tag-edition-loire-sud","12":"tag-eu","13":"tag-europe","14":"tag-faits-divers-justice","15":"tag-fr","16":"tag-france","17":"tag-incendie","18":"tag-loire","19":"tag-news","20":"tag-republique-francaise","21":"tag-saint-etienne","22":"tag-saint-etienne-ville"},"share_on_mastodon":{"url":"https:\/\/pubeurope.com\/@fr\/115021680719180261","error":""},"_links":{"self":[{"href":"https:\/\/www.europesays.com\/fr\/wp-json\/wp\/v2\/posts\/316338","targetHints":{"allow":["GET"]}}],"collection":[{"href":"https:\/\/www.europesays.com\/fr\/wp-json\/wp\/v2\/posts"}],"about":[{"href":"https:\/\/www.europesays.com\/fr\/wp-json\/wp\/v2\/types\/post"}],"author":[{"embeddable":true,"href":"https:\/\/www.europesays.com\/fr\/wp-json\/wp\/v2\/users\/2"}],"replies":[{"embeddable":true,"href":"https:\/\/www.europesays.com\/fr\/wp-json\/wp\/v2\/comments?post=316338"}],"version-history":[{"count":0,"href":"https:\/\/www.europesays.com\/fr\/wp-json\/wp\/v2\/posts\/316338\/revisions"}],"wp:featuredmedia":[{"embeddable":true,"href":"https:\/\/www.europesays.com\/fr\/wp-json\/wp\/v2\/media\/316339"}],"wp:attachment":[{"href":"https:\/\/www.europesays.com\/fr\/wp-json\/wp\/v2\/media?parent=316338"}],"wp:term":[{"taxonomy":"category","embeddable":true,"href":"https:\/\/www.europesays.com\/fr\/wp-json\/wp\/v2\/categories?post=316338"},{"taxonomy":"post_tag","embeddable":true,"href":"https:\/\/www.europesays.com\/fr\/wp-json\/wp\/v2\/tags?post=316338"}],"curies":[{"name":"wp","href":"https:\/\/api.w.org\/{rel}","templated":true}]}}