{"id":316346,"date":"2025-08-13T13:28:11","date_gmt":"2025-08-13T13:28:11","guid":{"rendered":"https:\/\/www.europesays.com\/fr\/316346\/"},"modified":"2025-08-13T13:28:11","modified_gmt":"2025-08-13T13:28:11","slug":"garcia-fait-un-premier-bilan-de-son-arrivee","status":"publish","type":"post","link":"https:\/\/www.europesays.com\/fr\/316346\/","title":{"rendered":"Garcia fait un premier bilan de son arriv\u00e9e"},"content":{"rendered":"<p class=\"date\">\n                                                            Mathieu Warnier, Media365, publi\u00e9 le mercredi 13 ao\u00fbt 2025 \u00e0 14h50\n                                                    <\/p>\n<p>Alors qu&rsquo;il a pass\u00e9 les quatre derni\u00e8res saisons \u00e0 Bordeaux-B\u00e8gles, Mateo Garcia a confi\u00e9 voir son arriv\u00e9e \u00e0 Toulon comme une mise en danger mais assure que son adaptation se passe bien.<\/p>\n<p>Mateo Garcia a d\u00e9cid\u00e9 de changer d&rsquo;air. Barr\u00e9 par Matthieu Jalibert et Joey Carbery \u00e0 Bordeaux-B\u00e8gles, le demi d&rsquo;ouverture de 23 ans a accept\u00e9 le d\u00e9fi propos\u00e9 par Toulon de remplacer le retrait\u00e9 Dan Biggar au sein de l&rsquo;effectif varois. Une d\u00e9cision que le joueur form\u00e9 \u00e0 Bayonne a pr\u00e9f\u00e9r\u00e9 prendre tr\u00e8s t\u00f4t la saison pass\u00e9e, un choix m\u00fbrement r\u00e9fl\u00e9chi. \u00ab\u00a0J&rsquo;avais envie d&rsquo;avoir l&rsquo;esprit libre et \u00eatre \u00e0 100% dans ma t\u00eate sur le projet de Bordeaux-B\u00e8gles\u00a0\u00bb, a-t-il expliqu\u00e9 dans des propos recueillis par le site sp\u00e9cialis\u00e9 Rugbyrama. Mateo Garcia ajoute que \u00ab\u00a0la d\u00e9cision de venir ici a \u00e9t\u00e9 plut\u00f4t facile\u00a0\u00bb, ayant gard\u00e9 en m\u00e9moire le temps o\u00f9 Jonny Wilkinson ou encore Matt Giteau \u00e9voluaient sous le maillot du RCT. \u00ab\u00a0Quand j&rsquo;ai eu cette opportunit\u00e9, j&rsquo;ai eu envie d&rsquo;aller voir comment \u00e7a se passe ici. C&rsquo;est un club qui a gagn\u00e9, et qui sait gagner, a-t-il ajout\u00e9. Puis, Toulon, c&rsquo;est aussi Mayol, un stade mythique dans lequel j&rsquo;ai d\u00e9j\u00e0 des bons souvenirs. Pour moi, c&rsquo;\u00e9tait le meilleur choix \u00e0 ce stade de ma carri\u00e8re.\u00a0\u00bb Une arriv\u00e9e sur la Rade qui va de pair avec un changement de vie, lui qui admet \u00eatre \u00ab\u00a0tr\u00e8s famille\u00a0\u00bb et avoir \u00ab\u00a0encore beaucoup d&rsquo;amis\u00a0\u00bb dans son Pays Basque natal.<\/p>\n<p>Garcia: \u00ab\u00a0Pour l&rsquo;instant, la d\u00e9couverte est positive\u00a0\u00bb<\/p>\n<p>C&rsquo;est en connaissance de cause qu&rsquo;il a opt\u00e9 pour Toulon. \u00ab\u00a0En v\u00e9rit\u00e9, je suis venu \u00e0 Toulon pour\u00a0me mettre en danger et me challenger \u00e0 tous les niveaux, a affirm\u00e9 Mateo Garcia. \u00c7a va me faire grandir. J&rsquo;en ai d&rsquo;ailleurs discut\u00e9 avec Pierre Mignoni et Laurent Emmanuelli. On a eu des \u00e9changes naturels et fluides. Nous \u00e9tions align\u00e9s sur ce que l&rsquo;on voulait.\u00a0\u00bb En effet, avec seulement onze apparitions la saison pass\u00e9e avec l&rsquo;UBB dont trois comme titulaire en Top 14, le Basque recherchait \u00ab\u00a0plus de temps de jeu, dans une \u00e9quipe qui existe dans le tr\u00e8s haut du tableau du Top 14\u00a0\u00bb ainsi qu&rsquo;une \u00ab\u00a0envie d&rsquo;habiter proche de la mer\u00a0\u00bb. \u00ab\u00a0Tout est r\u00e9uni, ici, pour que cela se passe bien, m\u00eame si je sais que la saison sera longue, ajoute Mateo Garcia. Pour l&rsquo;instant, la d\u00e9couverte est positive. Je suis heureux, et j&rsquo;apprends \u00e0 conna\u00eetre mes nouveaux co\u00e9quipiers.\u00a0\u00bb Des automatismes que le nouveau demi d&rsquo;ouverture du RCT pourra travailler dans les semaines \u00e0 venir, avant la reprise du Top 14 le 6 septembre prochain avec un d\u00e9placement \u00e0 Montpellier. Lui qui sera mis en concurrence avec Enzo Herv\u00e9 et Paolo Garbisi pour une place de titulaire \u00e0 l&rsquo;ouverture.<\/p>\n","protected":false},"excerpt":{"rendered":"Mathieu Warnier, Media365, publi\u00e9 le mercredi 13 ao\u00fbt 2025 \u00e0 14h50 Alors qu&rsquo;il a pass\u00e9 les quatre derni\u00e8res&hellip;\n","protected":false},"author":2,"featured_media":316347,"comment_status":"","ping_status":"","sticky":false,"template":"","format":"standard","meta":{"footnotes":""},"categories":[9619],"tags":[1111,11,1777,674,1011,27,12,882,25,2310],"class_list":{"0":"post-316346","1":"post","2":"type-post","3":"status-publish","4":"format-standard","5":"has-post-thumbnail","7":"category-toulon","8":"tag-actu","9":"tag-actualites","10":"tag-eu","11":"tag-europe","12":"tag-fr","13":"tag-france","14":"tag-news","15":"tag-provence-alpes-cote-dazur","16":"tag-republique-francaise","17":"tag-toulon"},"share_on_mastodon":{"url":"https:\/\/pubeurope.com\/@fr\/115021696928106491","error":""},"_links":{"self":[{"href":"https:\/\/www.europesays.com\/fr\/wp-json\/wp\/v2\/posts\/316346","targetHints":{"allow":["GET"]}}],"collection":[{"href":"https:\/\/www.europesays.com\/fr\/wp-json\/wp\/v2\/posts"}],"about":[{"href":"https:\/\/www.europesays.com\/fr\/wp-json\/wp\/v2\/types\/post"}],"author":[{"embeddable":true,"href":"https:\/\/www.europesays.com\/fr\/wp-json\/wp\/v2\/users\/2"}],"replies":[{"embeddable":true,"href":"https:\/\/www.europesays.com\/fr\/wp-json\/wp\/v2\/comments?post=316346"}],"version-history":[{"count":0,"href":"https:\/\/www.europesays.com\/fr\/wp-json\/wp\/v2\/posts\/316346\/revisions"}],"wp:featuredmedia":[{"embeddable":true,"href":"https:\/\/www.europesays.com\/fr\/wp-json\/wp\/v2\/media\/316347"}],"wp:attachment":[{"href":"https:\/\/www.europesays.com\/fr\/wp-json\/wp\/v2\/media?parent=316346"}],"wp:term":[{"taxonomy":"category","embeddable":true,"href":"https:\/\/www.europesays.com\/fr\/wp-json\/wp\/v2\/categories?post=316346"},{"taxonomy":"post_tag","embeddable":true,"href":"https:\/\/www.europesays.com\/fr\/wp-json\/wp\/v2\/tags?post=316346"}],"curies":[{"name":"wp","href":"https:\/\/api.w.org\/{rel}","templated":true}]}}