{"id":316350,"date":"2025-08-13T13:30:13","date_gmt":"2025-08-13T13:30:13","guid":{"rendered":"https:\/\/www.europesays.com\/fr\/316350\/"},"modified":"2025-08-13T13:30:13","modified_gmt":"2025-08-13T13:30:13","slug":"anciens-john-utaka-rebondit-a-lasptt-montpellier-apres-son-depart-du-mhsc","status":"publish","type":"post","link":"https:\/\/www.europesays.com\/fr\/316350\/","title":{"rendered":"[Anciens] John Utaka rebondit \u00e0 l\u2019ASPTT Montpellier apr\u00e8s son d\u00e9part du MHSC"},"content":{"rendered":"<p>Comme annonc\u00e9 \u00e0 la mi-mai, l\u2019ancien attaquant du Montpellier H\u00e9rault Sport Club, John Utaka, quitte le club pailladin apr\u00e8s cinq ann\u00e9es pass\u00e9es dans l\u2019encadrement technique. Champion de France 2012 avec le MHSC, l\u2019ex-international nig\u00e9rian avait effectu\u00e9 son retour \u00e0 Montpellier pour entamer une nouvelle carri\u00e8re, cette fois sur les bancs. En parall\u00e8le de l\u2019obtention de ses dipl\u00f4mes d\u2019entra\u00eeneur, il officiait comme adjoint de Michel Rodriguez aupr\u00e8s des U19, tout en apportant son expertise aux jeunes attaquants du centre de formation, aussi bien chez les gar\u00e7ons que chez les filles.<\/p>\n<p>\u00c0 43 ans, Utaka a d\u00e9cid\u00e9 de relever un nouveau d\u00e9fi, mais sans quitter la r\u00e9gion ni m\u00eame le site de Grammont. Il prendra en main l\u2019\u00e9quipe f\u00e9minine de l\u2019ASPTT Montpellier, un projet ambitieux qui correspond \u00e0 ses aspirations. Le club montpelli\u00e9rain a termin\u00e9 en t\u00eate de son groupe de R\u00e9gional 1 la saison pass\u00e9e, avant de buter en barrage d\u2019accession \u00e0 la D3 F\u00e9minine. L\u2019objectif sera donc clair pour la saison \u00e0 venir : monter \u00e0 l\u2019\u00e9chelon sup\u00e9rieur.<\/p>\n<p>Ce nouveau poste ne sera pas une totale d\u00e9couverte pour John Utaka, qui avait d\u00e9j\u00e0 dirig\u00e9 la section f\u00e9minine du MHSC en int\u00e9rim, apr\u00e8s le d\u00e9part en cours de saison de Fr\u00e9d\u00e9ric Mendy. Cette exp\u00e9rience pr\u00e9alable et sa connaissance du football f\u00e9minin montpelli\u00e9rain seront des atouts majeurs pour mener \u00e0 bien cette nouvelle aventure.<\/p>\n<p>Avec ce nouveau chapitre, John Utaka poursuit son chemin dans le coaching avec passion et d\u00e9termination, pr\u00eat \u00e0 faire grandir un projet local prometteur.<\/p>\n","protected":false},"excerpt":{"rendered":"Comme annonc\u00e9 \u00e0 la mi-mai, l\u2019ancien attaquant du Montpellier H\u00e9rault Sport Club, John Utaka, quitte le club pailladin&hellip;\n","protected":false},"author":2,"featured_media":316351,"comment_status":"","ping_status":"","sticky":false,"template":"","format":"standard","meta":{"footnotes":""},"categories":[9599],"tags":[1111,11,8132,1777,674,12300,1011,27,1434,2208,12,2680,25],"class_list":{"0":"post-316350","1":"post","2":"type-post","3":"status-publish","4":"format-standard","5":"has-post-thumbnail","7":"category-montpellier","8":"tag-actu","9":"tag-actualites","10":"tag-anciens","11":"tag-eu","12":"tag-europe","13":"tag-feminines","14":"tag-fr","15":"tag-france","16":"tag-mercato","17":"tag-montpellier","18":"tag-news","19":"tag-occitanie","20":"tag-republique-francaise"},"share_on_mastodon":{"url":"https:\/\/pubeurope.com\/@fr\/115021704263908480","error":""},"_links":{"self":[{"href":"https:\/\/www.europesays.com\/fr\/wp-json\/wp\/v2\/posts\/316350","targetHints":{"allow":["GET"]}}],"collection":[{"href":"https:\/\/www.europesays.com\/fr\/wp-json\/wp\/v2\/posts"}],"about":[{"href":"https:\/\/www.europesays.com\/fr\/wp-json\/wp\/v2\/types\/post"}],"author":[{"embeddable":true,"href":"https:\/\/www.europesays.com\/fr\/wp-json\/wp\/v2\/users\/2"}],"replies":[{"embeddable":true,"href":"https:\/\/www.europesays.com\/fr\/wp-json\/wp\/v2\/comments?post=316350"}],"version-history":[{"count":0,"href":"https:\/\/www.europesays.com\/fr\/wp-json\/wp\/v2\/posts\/316350\/revisions"}],"wp:featuredmedia":[{"embeddable":true,"href":"https:\/\/www.europesays.com\/fr\/wp-json\/wp\/v2\/media\/316351"}],"wp:attachment":[{"href":"https:\/\/www.europesays.com\/fr\/wp-json\/wp\/v2\/media?parent=316350"}],"wp:term":[{"taxonomy":"category","embeddable":true,"href":"https:\/\/www.europesays.com\/fr\/wp-json\/wp\/v2\/categories?post=316350"},{"taxonomy":"post_tag","embeddable":true,"href":"https:\/\/www.europesays.com\/fr\/wp-json\/wp\/v2\/tags?post=316350"}],"curies":[{"name":"wp","href":"https:\/\/api.w.org\/{rel}","templated":true}]}}