{"id":316354,"date":"2025-08-13T13:36:12","date_gmt":"2025-08-13T13:36:12","guid":{"rendered":"https:\/\/www.europesays.com\/fr\/316354\/"},"modified":"2025-08-13T13:36:12","modified_gmt":"2025-08-13T13:36:12","slug":"transferts-pro-d2-le-fidjien-josh-thompson-rejoint-grenoble-pour-renforcer-le-pack","status":"publish","type":"post","link":"https:\/\/www.europesays.com\/fr\/316354\/","title":{"rendered":"Transferts\/Pro D2 &#8211; Le Fidjien Josh Thompson rejoint Grenoble pour renforcer le pack"},"content":{"rendered":"<p>\n                Le club is\u00e9rois vient d\u2019officialiser sur ses r\u00e9seaux sociaux l\u2019arriv\u00e9e du deuxi\u00e8me ligne Josh Thompson. \u00c0 24 ans, le Fidjien fera ses d\u00e9buts dans l\u2019H\u00e9misph\u00e8re nord pour aider Grenoble \u00e0 s\u2019offrir une nouvelle chance de mont\u00e9e dans l\u2019\u00e9lite.\n            <\/p>\n<p>Comme annonc\u00e9 par <strong><a href=\"https:\/\/www.rugbyrama.fr\/2025\/07\/01\/transferts-pro-d2-grenoble-boucle-son-recrutement-avec-la-signature-de-josh-thompson-western-force-12798534.php\" target=\"_self\" rel=\"nofollow noopener\">nos informations<\/a><\/strong> il y a quelques semaines, le FC Grenoble\u00a0vient d\u2019annoncer la signature de Josh Thompson jusqu\u2019en 2027. L\u2019ancien joueur de rugby \u00e0 XIII (1,95m, 117kg) est attendu comme une aide de taille \u00e0 la m\u00eal\u00e9e grenobloise aussi bien en deuxi\u00e8me ligne qu\u2019en troisi\u00e8me ligne puisqu\u2019il peut aussi \u00e9voluer au poste de flanker.<\/p>\n<p>Un renfort en m\u00eal\u00e9e<\/p>\n<p>C\u2019est la troisi\u00e8me signature en Is\u00e8re dans le pack. Josh Thompson, 24 ans, se rajoute aux arriv\u00e9es du talonneur\u00a0Romain Ruffenach (Pau), et du deuxi\u00e8me ligne <strong><a href=\"https:\/\/www.rugbyrama.fr\/2025\/08\/10\/exclu-midol-transferts-le-fc-grenoble-soffre-un-perpignanais-en-pret-12868988.php\" target=\"_self\" rel=\"nofollow noopener\">Tristan Labouteley<\/a><\/strong> (en pr\u00eat de Perpignan).<\/p>\n<blockquote data-class=\"twitter-tweet\">\n<p lang=\"fr\" dir=\"ltr\">???? ???????? ??????? ??? ????? &amp; ???? ??\u0300? ???????\u2019???\\ud83c\\udfaf<\/p>\n<p>Le FCG est fier d\u2019annoncer la signature de Josh Thompson, deuxi\u00e8me &amp; troisi\u00e8me ligne, jusqu\u2019en 2027 \\ud83d\\udd34\\ud83d\\udd35<\/p>\n<p>\\ud83d\\udc49 Josh Thompson (1m95, 117 kilos), n\u00e9 le 8 d\u00e9cembre 2000 \u00e0 Suva\u2026 <a href=\"https:\/\/t.co\/bsr0ebCgV6\" rel=\"nofollow\">pic.twitter.com\/bsr0ebCgV6<\/a><\/p>\n<p>\u2014 FC Grenoble Rugby #AllezFCG (@FCGrugby) <a href=\"https:\/\/twitter.com\/FCGrugby\/status\/1955585672984530960?ref_src=twsrc%5Etfw\" rel=\"nofollow noopener\" target=\"_blank\">August 13, 2025<\/a><\/p><\/blockquote>\n<p>\u00ab\u00a0Il n\u2019est pas encore connu en France car il a jou\u00e9 loin jusqu\u2019\u00e0 pr\u00e9sent (Western Force), et on a h\u00e2te de le voir s\u2019illustrer \u00e0 Grenoble\u00a0! La Pro D2 ne fait que se renforcer, et on avait besoin de ce profil, et de sa puissance.\u00a0\u00bb\u00a0Le directeur du rugby grenoblois, Aubin Hueber, esp\u00e8re que son arriv\u00e9e permettra \u00e0 Grenoble de s\u2019offrir une nouvelle occasion d\u2019acc\u00e9der au Top 14 apr\u00e8s leurs six occasions manqu\u00e9es en seulement trois saisons. Le Fidjien et l\u2019effectif is\u00e9rois vont se pr\u00e9parer pour \u00eatre pr\u00eats pour leur premier match\u00a0de la saison de Pro D2, ce sera le 29\u00a0ao\u00fbt face \u00e0 Oyonnax au stade Charles-Mathon.<\/p>\n<p>                    <script async src=\"https:\/\/platform.twitter.com\/widgets.js\" charset=\"utf-8\"><\/script><\/p>\n","protected":false},"excerpt":{"rendered":"Le club is\u00e9rois vient d\u2019officialiser sur ses r\u00e9seaux sociaux l\u2019arriv\u00e9e du deuxi\u00e8me ligne Josh Thompson. \u00c0 24 ans,&hellip;\n","protected":false},"author":2,"featured_media":316355,"comment_status":"","ping_status":"","sticky":false,"template":"","format":"standard","meta":{"footnotes":""},"categories":[9566],"tags":[1111,11,2430,1777,674,1011,27,2731,12,25],"class_list":{"0":"post-316354","1":"post","2":"type-post","3":"status-publish","4":"format-standard","5":"has-post-thumbnail","7":"category-grenoble","8":"tag-actu","9":"tag-actualites","10":"tag-auvergne-rhone-alpes","11":"tag-eu","12":"tag-europe","13":"tag-fr","14":"tag-france","15":"tag-grenoble","16":"tag-news","17":"tag-republique-francaise"},"share_on_mastodon":{"url":"https:\/\/pubeurope.com\/@fr\/115021727882332247","error":""},"_links":{"self":[{"href":"https:\/\/www.europesays.com\/fr\/wp-json\/wp\/v2\/posts\/316354","targetHints":{"allow":["GET"]}}],"collection":[{"href":"https:\/\/www.europesays.com\/fr\/wp-json\/wp\/v2\/posts"}],"about":[{"href":"https:\/\/www.europesays.com\/fr\/wp-json\/wp\/v2\/types\/post"}],"author":[{"embeddable":true,"href":"https:\/\/www.europesays.com\/fr\/wp-json\/wp\/v2\/users\/2"}],"replies":[{"embeddable":true,"href":"https:\/\/www.europesays.com\/fr\/wp-json\/wp\/v2\/comments?post=316354"}],"version-history":[{"count":0,"href":"https:\/\/www.europesays.com\/fr\/wp-json\/wp\/v2\/posts\/316354\/revisions"}],"wp:featuredmedia":[{"embeddable":true,"href":"https:\/\/www.europesays.com\/fr\/wp-json\/wp\/v2\/media\/316355"}],"wp:attachment":[{"href":"https:\/\/www.europesays.com\/fr\/wp-json\/wp\/v2\/media?parent=316354"}],"wp:term":[{"taxonomy":"category","embeddable":true,"href":"https:\/\/www.europesays.com\/fr\/wp-json\/wp\/v2\/categories?post=316354"},{"taxonomy":"post_tag","embeddable":true,"href":"https:\/\/www.europesays.com\/fr\/wp-json\/wp\/v2\/tags?post=316354"}],"curies":[{"name":"wp","href":"https:\/\/api.w.org\/{rel}","templated":true}]}}