{"id":316356,"date":"2025-08-13T13:38:12","date_gmt":"2025-08-13T13:38:12","guid":{"rendered":"https:\/\/www.europesays.com\/fr\/316356\/"},"modified":"2025-08-13T13:38:12","modified_gmt":"2025-08-13T13:38:12","slug":"beye-veut-donner-un-maximum-de-visibilite-a-ligue-1","status":"publish","type":"post","link":"https:\/\/www.europesays.com\/fr\/316356\/","title":{"rendered":"Beye veut donner un maximum de visibilit\u00e9 \u00e0 Ligue 1+"},"content":{"rendered":"<p>Rennes : Beye veut donner un maximum de visibilit\u00e9 \u00e0 Ligue 1+ Sur le m\u00eame sujet<a href=\"https:\/\/rmcsport.bfmtv.com\/football\/ligue-1\/video-rennes-beye-veut-donner-un-maximum-de-visibilite-a-ligue-1_VN-202508130367.html\" title=\"Rennes : Beye veut donner un maximum de visibilit\u00e9 \u00e0 Ligue 1+\" rel=\"nofollow noopener\" target=\"_blank\"><img class=\"lozad\"  width=\"16\" height=\"9\" alt=\"Rennes : Beye veut donner un maximum de visibilit\u00e9 \u00e0 Ligue 1+\"\/>en lectureRennes : Beye veut donner un maximum de visibilit\u00e9 \u00e0 Ligue 1+<\/a><a href=\"https:\/\/rmcsport.bfmtv.com\/football\/ligue-1\/video-ou-regarder-la-ligue-1-le-programme-tv-de-la-1ere-journee-avec-rennes-om_VN-202508130277.html\" title=\"O\u00f9 regarder la Ligue 1 ? Le programme TV de la 1\u00e8re journ\u00e9e, avec Rennes-OM\" rel=\"nofollow noopener\" target=\"_blank\"><img class=\"lozad\"  width=\"16\" height=\"9\" alt=\"O\u00f9 regarder la Ligue 1 ? Le programme TV de la 1\u00e8re journ\u00e9e, avec Rennes-OM\"\/>0:58O\u00f9 regarder la Ligue 1 ? Le programme TV de la 1\u00e8re journ\u00e9e, avec Rennes-OM<\/a><a href=\"https:\/\/rmcsport.bfmtv.com\/football\/transferts\/video-donnarumma-diakite-camara-les-5-infos-mercato-du-mercredi-13-aout-a-11h_VN-202508130257.html\" title=\"Donnarumma, Diakit\u00e9, Camara... Les 5 infos mercato du mercredi 13 ao\u00fbt \u00e0 11h \" rel=\"nofollow noopener\" target=\"_blank\"><img class=\"lozad\"  width=\"16\" height=\"9\" alt=\"Donnarumma, Diakit\u00e9, Camara... Les 5 infos mercato du mercredi 13 ao\u00fbt \u00e0 11h \"\/>0:57Donnarumma, Diakit\u00e9, Camara&#8230; Les 5 infos mercato du mercredi 13 ao\u00fbt \u00e0 11h<\/a><a href=\"https:\/\/rmcsport.bfmtv.com\/football\/ligue-des-champions\/video-benfica-2-0-nice-ca-fait-mal-mais-on-doit-l-accepter-bard-deja-tourne-vers-la-ligue-1_VN-202508130166.html\" title=\"Benfica 2-0 Nice : &quot;\u00c7a fait mal mais on doit l&#039;accepter&quot;, Bard d\u00e9j\u00e0 tourn\u00e9 vers la Ligue 1\" rel=\"nofollow noopener\" target=\"_blank\"><img class=\"lozad\"  width=\"16\" height=\"9\" alt=\"Benfica 2-0 Nice : &quot;\u00c7a fait mal mais on doit l'accepter&quot;, Bard d\u00e9j\u00e0 tourn\u00e9 vers la Ligue 1\"\/>1:00Benfica 2-0 Nice : \u00ab\u00a0\u00c7a fait mal mais on doit l&rsquo;accepter\u00a0\u00bb, Bard d\u00e9j\u00e0 tourn\u00e9 vers la Ligue 1<\/a><a href=\"https:\/\/rmcsport.bfmtv.com\/replay-emissions\/after-foot\/video-psg-donnarumma-est-une-legende-du-club-et-merite-un-tres-grand-hommage-estime-acherchour_VN-202508120533.html\" title=\"PSG : &quot;Donnarumma est une l\u00e9gende du club et m\u00e9rite un tr\u00e8s grand hommage&quot;, estime Acherchour\" rel=\"nofollow noopener\" target=\"_blank\"><img class=\"lozad\"  width=\"16\" height=\"9\" alt=\"PSG : &quot;Donnarumma est une l\u00e9gende du club et m\u00e9rite un tr\u00e8s grand hommage&quot;, estime Acherchour\"\/>8:14PSG : \u00ab\u00a0Donnarumma est une l\u00e9gende du club et m\u00e9rite un tr\u00e8s grand hommage\u00a0\u00bb, estime Acherchour<\/a><a href=\"https:\/\/rmcsport.bfmtv.com\/replay-emissions\/after-foot\/video-psg-donnarumma-fait-ses-adieux-a-paris-les-dernieres-infos_VN-202508120519.html\" title=\"PSG : Donnarumma fait ses adieux \u00e0 Paris... les derni\u00e8res infos\" rel=\"nofollow noopener\" target=\"_blank\"><img class=\"lozad\"  width=\"16\" height=\"9\" alt=\"PSG : Donnarumma fait ses adieux \u00e0 Paris... les derni\u00e8res infos\"\/>4:40PSG : Donnarumma fait ses adieux \u00e0 Paris&#8230; les derni\u00e8res infos<\/a><a href=\"https:\/\/rmcsport.bfmtv.com\/football\/video-psg-donnarumma-ecarte-c-est-toujours-difficile-avoue-marquinhos_VN-202508120489.html\" title=\"PSG : Donnarumma \u00e9cart\u00e9, &quot;c&#039;est toujours difficile&quot; avoue Marquinhos\" rel=\"nofollow noopener\" target=\"_blank\"><img class=\"lozad\"  width=\"16\" height=\"9\" alt=\"PSG : Donnarumma \u00e9cart\u00e9, &quot;c'est toujours difficile&quot; avoue Marquinhos\"\/>2:20PSG : Donnarumma \u00e9cart\u00e9, \u00ab\u00a0c&rsquo;est toujours difficile\u00a0\u00bb avoue Marquinhos<\/a><a href=\"https:\/\/rmcsport.bfmtv.com\/football\/transferts\/video-zabarnyi-isak-fofana-les-5-infos-mercato-du-12-aout-a-la-mi-journee_VN-202508120273.html\" title=\"Zabarnyi, Isak, Fofana... Les 5 infos mercato du 12 ao\u00fbt \u00e0 la mi-journ\u00e9e\" rel=\"nofollow noopener\" target=\"_blank\"><img class=\"lozad\"  width=\"16\" height=\"9\" alt=\"Zabarnyi, Isak, Fofana... Les 5 infos mercato du 12 ao\u00fbt \u00e0 la mi-journ\u00e9e\"\/>0:58Zabarnyi, Isak, Fofana&#8230; Les 5 infos mercato du 12 ao\u00fbt \u00e0 la mi-journ\u00e9e<\/a><a href=\"https:\/\/rmcsport.bfmtv.com\/football\/ligue-1\/video-psg-s-il-y-avait-une-photo-entre-eux-la-cohabitation-safonov-zabarnyi-interroge-les-ukrainiens_VN-202508110526.html\" title=\"PSG : &quot;S&#039;il y avait une photo entre eux...&quot;, la cohabitation Safonov-Zabarnyi interroge les Ukrainiens\" rel=\"nofollow noopener\" target=\"_blank\"><img class=\"lozad\"  width=\"16\" height=\"9\" alt=\"PSG : &quot;S'il y avait une photo entre eux...&quot;, la cohabitation Safonov-Zabarnyi interroge les Ukrainiens\"\/>1:24PSG : \u00ab\u00a0S&rsquo;il y avait une photo entre eux&#8230;\u00a0\u00bb, la cohabitation Safonov-Zabarnyi interroge les Ukrainiens<\/a><a href=\"https:\/\/rmcsport.bfmtv.com\/replay-emissions\/after-foot\/video-ol-losc-nice-strasbourg-la-valse-des-gardiens-est-elle-inquietante_VN-202508110519.html\" title=\"OL, Losc, Nice, Strasbourg... la valse des gardiens est-elle inqui\u00e9tante ? \" rel=\"nofollow noopener\" target=\"_blank\"><img class=\"lozad\"  width=\"16\" height=\"9\" alt=\"OL, Losc, Nice, Strasbourg... la valse des gardiens est-elle inqui\u00e9tante ? \"\/>11:12OL, Losc, Nice, Strasbourg&#8230; la valse des gardiens est-elle inqui\u00e9tante ?<\/a><a href=\"https:\/\/rmcsport.bfmtv.com\/football\/ligue-1\/video-rennes-je-n-ai-aucun-regret-rongier-raconte-son-depart-de-l-om_VN-202508110388.html\" title=\"Rennes : &quot;Je n&#039;ai aucun regret&quot;, Rongier raconte son d\u00e9part de l&#039;OM\" rel=\"nofollow noopener\" target=\"_blank\"><img class=\"lozad\"  width=\"16\" height=\"9\" alt=\"Rennes : &quot;Je n'ai aucun regret&quot;, Rongier raconte son d\u00e9part de l'OM\"\/>1:39Rennes : \u00ab\u00a0Je n&rsquo;ai aucun regret\u00a0\u00bb, Rongier raconte son d\u00e9part de l&rsquo;OM<\/a><a href=\"https:\/\/rmcsport.bfmtv.com\/football\/ligue-1\/video-rennes-j-ai-grandi-a-nantes-rongier-et-merlin-reviennent-sur-leurs-choix-de-rejoindre-le-rival-nantais_VN-202508110387.html\" title=\"Rennes : &quot;J&#039;ai grandi \u00e0 Nantes&quot;, Rongier et Merlin reviennent sur leurs choix de rejoindre le rival rennais\" rel=\"nofollow noopener\" target=\"_blank\"><img class=\"lozad\"  width=\"16\" height=\"9\" alt=\"Rennes : &quot;J'ai grandi \u00e0 Nantes&quot;, Rongier et Merlin reviennent sur leurs choix de rejoindre le rival rennais\"\/>1:42Rennes : \u00ab\u00a0J&rsquo;ai grandi \u00e0 Nantes\u00a0\u00bb, Rongier et Merlin reviennent sur leurs choix de rejoindre le rival rennais<\/a><a href=\"https:\/\/rmcsport.bfmtv.com\/football\/ligue-des-champions\/video-benfica-nice-toujours-de-la-place-pour-un-exploit-haise-et-les-aiglons-y-croient_VN-202508110376.html\" title=\"Benfica - Nice : &quot;Toujours de la place pour un exploit&quot;, Haise et les Aiglons y croient !\" rel=\"nofollow noopener\" target=\"_blank\"><img class=\"lozad\"  width=\"16\" height=\"9\" alt=\"Benfica - Nice : &quot;Toujours de la place pour un exploit&quot;, Haise et les Aiglons y croient !\"\/>1:18Benfica &#8211; Nice : \u00ab\u00a0Toujours de la place pour un exploit\u00a0\u00bb, Haise et les Aiglons y croient !<\/a><a href=\"https:\/\/rmcsport.bfmtv.com\/football\/transferts\/video-mercato-camara-cible-les-bons-joueurs-sont-souvent-de-bonnes-recrues-sourit-haise_VN-202508110369.html\" title=\"Mercato : Camara cibl\u00e9 ? &quot;Les bons joueurs sont souvent de bonnes recrues&quot;, sourit Haise\" rel=\"nofollow noopener\" target=\"_blank\"><img class=\"lozad\"  width=\"16\" height=\"9\" alt=\"Mercato : Camara cibl\u00e9 ? &quot;Les bons joueurs sont souvent de bonnes recrues&quot;, sourit Haise\"\/>1:25Mercato : Camara cibl\u00e9 ? \u00ab\u00a0Les bons joueurs sont souvent de bonnes recrues\u00a0\u00bb, sourit Haise<\/a><a class=\"jumpToVideo\" target=\"_blank\"><img class=\"thumbnailPreview\"\/><\/a><\/p>\n","protected":false},"excerpt":{"rendered":"Rennes : Beye veut donner un maximum de visibilit\u00e9 \u00e0 Ligue 1+ Sur le m\u00eame sujeten lectureRennes :&hellip;\n","protected":false},"author":2,"featured_media":316357,"comment_status":"","ping_status":"","sticky":false,"template":"","format":"standard","meta":{"footnotes":""},"categories":[2821],"tags":[1111,11,829,1777,674,1011,27,12,584,25],"class_list":{"0":"post-316356","1":"post","2":"type-post","3":"status-publish","4":"format-standard","5":"has-post-thumbnail","7":"category-rennes","8":"tag-actu","9":"tag-actualites","10":"tag-bretagne","11":"tag-eu","12":"tag-europe","13":"tag-fr","14":"tag-france","15":"tag-news","16":"tag-rennes","17":"tag-republique-francaise"},"share_on_mastodon":{"url":"https:\/\/pubeurope.com\/@fr\/115021735769465399","error":""},"_links":{"self":[{"href":"https:\/\/www.europesays.com\/fr\/wp-json\/wp\/v2\/posts\/316356","targetHints":{"allow":["GET"]}}],"collection":[{"href":"https:\/\/www.europesays.com\/fr\/wp-json\/wp\/v2\/posts"}],"about":[{"href":"https:\/\/www.europesays.com\/fr\/wp-json\/wp\/v2\/types\/post"}],"author":[{"embeddable":true,"href":"https:\/\/www.europesays.com\/fr\/wp-json\/wp\/v2\/users\/2"}],"replies":[{"embeddable":true,"href":"https:\/\/www.europesays.com\/fr\/wp-json\/wp\/v2\/comments?post=316356"}],"version-history":[{"count":0,"href":"https:\/\/www.europesays.com\/fr\/wp-json\/wp\/v2\/posts\/316356\/revisions"}],"wp:featuredmedia":[{"embeddable":true,"href":"https:\/\/www.europesays.com\/fr\/wp-json\/wp\/v2\/media\/316357"}],"wp:attachment":[{"href":"https:\/\/www.europesays.com\/fr\/wp-json\/wp\/v2\/media?parent=316356"}],"wp:term":[{"taxonomy":"category","embeddable":true,"href":"https:\/\/www.europesays.com\/fr\/wp-json\/wp\/v2\/categories?post=316356"},{"taxonomy":"post_tag","embeddable":true,"href":"https:\/\/www.europesays.com\/fr\/wp-json\/wp\/v2\/tags?post=316356"}],"curies":[{"name":"wp","href":"https:\/\/api.w.org\/{rel}","templated":true}]}}