{"id":316358,"date":"2025-08-13T13:39:09","date_gmt":"2025-08-13T13:39:09","guid":{"rendered":"https:\/\/www.europesays.com\/fr\/316358\/"},"modified":"2025-08-13T13:39:09","modified_gmt":"2025-08-13T13:39:09","slug":"un-nouveau-restaurant-libanais-a-ouvert-au-neudorf","status":"publish","type":"post","link":"https:\/\/www.europesays.com\/fr\/316358\/","title":{"rendered":"un nouveau restaurant libanais a ouvert au Neudorf"},"content":{"rendered":"<p>            Par<br \/>\n        <strong><br \/>\n            <a href=\"https:\/\/actu.fr\/auteur\/ivan-capecchi\" title=\"Consulter tous les articles de Ivan CAPECCHI\" rel=\"nofollow noopener\" target=\"_blank\">Ivan CAPECCHI<\/a><br \/>\n        <\/strong><\/p>\n<p>        Publi\u00e9 le<\/p>\n<p>            13 ao\u00fbt 2025 \u00e0 14h45        <\/p>\n<p>Le 20 juillet dernier, le <strong>restaurant C\u0153ur du Liban<\/strong> a ouvert ses portes, 135 route du Polygone, dans le <a href=\"https:\/\/actu.fr\/grand-est\/strasbourg_67482\/dans-cette-rue-du-neudorf-c-est-la-guerre-entre-pietons-cyclistes-et-automobilistes-une-horreur_62977964.html\" rel=\"nofollow noopener\" target=\"_blank\">quartier du Neudorf<\/a> \u00e0 Strasbourg.<\/p>\n<p>Chawarmas, grillades et manakich<\/p>\n<p class=\" wall-content\">Il s\u2019agit d\u2019un restaurant libanais.<\/p>\n<p class=\" wall-content\">On y retrouve des <strong>chawarmas<\/strong> ( lamelles de viande grill\u00e9e \u00e0 la broche, servies dans du pain avec garniture et sauces) cuits \u00e0 la pierre de lave ou des <strong>grillades<\/strong> confectionn\u00e9es sur charbon de bois.<\/p>\n<p class=\" wall-content\">Le restaurant propose aussi des <strong>manakich<\/strong>, autrement dit des <strong>galettes de pain libanaises<\/strong>, g\u00e9n\u00e9ralement garnies de <strong>zaatar<\/strong> (m\u00e9lange de thym, s\u00e9same et sumac) et <strong>cuites au four<\/strong>.<\/p>\n<p>\u00ab\u00a0Quasi tout est fait maison\u00a0\u00bb<\/p>\n<p class=\" wall-content\">\u00ab\u00a0<strong>Quasi tout est fait maison<\/strong>\u00ab\u00a0, glisse le g\u00e9rant.<\/p>\n<p class=\" wall-content\">D\u2019une <strong>capacit\u00e9 de 28 personnes en int\u00e9rieur<\/strong>, le restaurant dispose \u00e9galement d\u2019une <strong>terrasse<\/strong>.<\/p>\n<p class=\" wall-content\">Suivez toute l\u2019actualit\u00e9 de vos villes et m\u00e9dias favoris en vous inscrivant \u00e0 <a href=\"https:\/\/moncompte.actu.fr\" title=\"D\u00e9couvez Mon Actu\" rel=\"nofollow noopener\" data-trk=\"{&quot;cta&quot;:{&quot;action&quot;:&quot;https:\\\/\\\/moncompte.actu.fr&quot;,&quot;category&quot;:&quot;mon compte&quot;,&quot;from&quot;:&quot;article footer&quot;,&quot;name&quot;:&quot;Mon actu&quot;,&quot;type&quot;:&quot;cta&quot;}}\" target=\"_blank\">Mon Actu<\/a>.<\/p>\n","protected":false},"excerpt":{"rendered":"Par Ivan CAPECCHI Publi\u00e9 le 13 ao\u00fbt 2025 \u00e0 14h45 Le 20 juillet dernier, le restaurant C\u0153ur du&hellip;\n","protected":false},"author":2,"featured_media":316359,"comment_status":"","ping_status":"","sticky":false,"template":"","format":"standard","meta":{"footnotes":""},"categories":[2820],"tags":[1111,11,1777,674,1011,27,775,1652,12,25,1340,640],"class_list":{"0":"post-316358","1":"post","2":"type-post","3":"status-publish","4":"format-standard","5":"has-post-thumbnail","7":"category-strasbourg","8":"tag-actu","9":"tag-actualites","10":"tag-eu","11":"tag-europe","12":"tag-fr","13":"tag-france","14":"tag-grand-est","15":"tag-loisirs-culture","16":"tag-news","17":"tag-republique-francaise","18":"tag-restaurant","19":"tag-strasbourg"},"share_on_mastodon":{"url":"https:\/\/pubeurope.com\/@fr\/115021739796801612","error":""},"_links":{"self":[{"href":"https:\/\/www.europesays.com\/fr\/wp-json\/wp\/v2\/posts\/316358","targetHints":{"allow":["GET"]}}],"collection":[{"href":"https:\/\/www.europesays.com\/fr\/wp-json\/wp\/v2\/posts"}],"about":[{"href":"https:\/\/www.europesays.com\/fr\/wp-json\/wp\/v2\/types\/post"}],"author":[{"embeddable":true,"href":"https:\/\/www.europesays.com\/fr\/wp-json\/wp\/v2\/users\/2"}],"replies":[{"embeddable":true,"href":"https:\/\/www.europesays.com\/fr\/wp-json\/wp\/v2\/comments?post=316358"}],"version-history":[{"count":0,"href":"https:\/\/www.europesays.com\/fr\/wp-json\/wp\/v2\/posts\/316358\/revisions"}],"wp:featuredmedia":[{"embeddable":true,"href":"https:\/\/www.europesays.com\/fr\/wp-json\/wp\/v2\/media\/316359"}],"wp:attachment":[{"href":"https:\/\/www.europesays.com\/fr\/wp-json\/wp\/v2\/media?parent=316358"}],"wp:term":[{"taxonomy":"category","embeddable":true,"href":"https:\/\/www.europesays.com\/fr\/wp-json\/wp\/v2\/categories?post=316358"},{"taxonomy":"post_tag","embeddable":true,"href":"https:\/\/www.europesays.com\/fr\/wp-json\/wp\/v2\/tags?post=316358"}],"curies":[{"name":"wp","href":"https:\/\/api.w.org\/{rel}","templated":true}]}}