{"id":316360,"date":"2025-08-13T13:40:16","date_gmt":"2025-08-13T13:40:16","guid":{"rendered":"https:\/\/www.europesays.com\/fr\/316360\/"},"modified":"2025-08-13T13:40:16","modified_gmt":"2025-08-13T13:40:16","slug":"un-club-de-premier-league-fonce-sur-dilane-bakwa","status":"publish","type":"post","link":"https:\/\/www.europesays.com\/fr\/316360\/","title":{"rendered":"un club de Premier League fonce sur Dilane Bakwa"},"content":{"rendered":"<p><strong>Un club de Premier League fait une offre importante pour la p\u00e9pite du RC Strasbourg, Dilane Bakwa.<\/strong><\/p>\n<p>Apr\u00e8s une saison historique, <strong>le <a href=\"https:\/\/www.les-transferts.com\/club\/strasbourg\/\" rel=\"nofollow noopener\" target=\"_blank\">RC Strasbourg<\/a> a obtenu sa place en comp\u00e9tition europ\u00e9enne. <\/strong>Les Strasbourgeois ont termin\u00e9 7e, synonyme de qualification pour la Conf\u00e9rence League cette saison. Au cours de la derni\u00e8re saison<strong>, le club avait recrut\u00e9 pr\u00e8s de 15 joueurs pour renforcer l\u2019\u00e9quipe. <\/strong>Des renforts qui ont eu de l\u2019impact au sein de l\u2019effectif, vu le positionnement du club en Ligue 1. Pour cet \u00e9t\u00e9, le club alsacien suit les m\u00eames bases. <strong>Strasbourg a d\u00e9pens\u00e9 plus de 100 millions d\u2019euros afin d\u2019\u00eatre comp\u00e9titif sur tous les tableaux. <\/strong>Seul le Paris Saint-Germain a d\u00e9pens\u00e9 plus en Ligue 1 \u00e0 ce jour sur le march\u00e9 des transferts.<\/p>\n<p>L\u2019\u00e9quipe de Strasbourg poss\u00e8de de nombreux joueurs talentueux. <strong>Emmanuel Emegha, Diego Moreira ou encore Guela Dou\u00e9 font partie des visages de cet effectif. <\/strong>Un effectif relativement jeune avec une moyenne d\u2019\u00e2ge de 21,7 ans qui int\u00e9resse de nombreux clubs. L\u2019ailier Moreira est sur les tablettes de l\u2019Atalanta depuis plusieurs semaines. En plus du Belge, <strong>le Franco-Congolais <a href=\"https:\/\/www.les-transferts.com\/joueur\/dilane-bakwa\/\" rel=\"nofollow noopener\" target=\"_blank\">Dilane Bakwa<\/a> semble \u00eatre aussi l\u2019un des joueurs convoit\u00e9s par des clubs europ\u00e9ens. <\/strong>L\u2019ailier de 22 ans est \u00e9galement proche de quitter le RC Strasbourg apr\u00e8s l\u2019offre de<strong> <a href=\"https:\/\/www.les-transferts.com\/club\/nottingham-forest\/\" rel=\"nofollow noopener\" target=\"_blank\">Nottingham Forest<\/a><\/strong>. Le club de Premier League a soumis<strong> une offre de 26 millions d\u2019euros avec en bonus, 5 millions d\u2019euros<\/strong> ce mardi pour conclure l\u2019accord avec le Racing Strasbourg. Pour le moment, l\u2019offre a \u00e9t\u00e9 rejet\u00e9e par Strasbourg d\u2019apr\u00e8s Sacha Tavolieri, <strong>mais les parties se rapprocheraient d\u2019un accord.<\/strong><\/p>\n<blockquote class=\"twitter-tweet\" data-width=\"500\" data-dnt=\"true\">\n<p lang=\"fr\" dir=\"ltr\">\ud83d\udea8\ud83d\udd35\ud83c\uddeb\ud83c\uddf7 On y est presque pour Dilane Bakwa \u00e0 Nottingham Forest! <\/p>\n<p>\ud83c\udff4\udb40\udc67\udb40\udc62\udb40\udc65\udb40\udc6e\udb40\udc67\udb40\udc7f Le <a href=\"https:\/\/twitter.com\/hashtag\/NFFC?src=hash&amp;ref_src=twsrc%5Etfw\" rel=\"nofollow noopener\" target=\"_blank\">#NFFC<\/a> a soumis une offre de \u20ac26M + \u20ac5M en bonus ce mardi pour boucler l\u2019accord avec le Racing Strasbourg. <\/p>\n<p>\ud83d\udcb0Une offre refus\u00e9e MAIS qui rapproche consid\u00e9rablement les parties d\u2019un accord. <\/p>\n<p>\u23f3 \u00c0 suivre\u2026\u2026 <a href=\"https:\/\/t.co\/IaLshfb6nW\" rel=\"nofollow\">pic.twitter.com\/IaLshfb6nW<\/a><\/p>\n<p>\u2014 Sacha Tavolieri (@sachatavolieri) <a href=\"https:\/\/twitter.com\/sachatavolieri\/status\/1955596973492281453?ref_src=twsrc%5Etfw\" rel=\"nofollow noopener\" target=\"_blank\">August 13, 2025<\/a><\/p><\/blockquote>\n<p>Direction la Premier League pour Dilane Bakwa ?<\/p>\n<p>Arriv\u00e9 en 2023 au Racing Club de Strasbourg, <strong>Dilane Bakwa s\u2019est impos\u00e9 comme un \u00e9l\u00e9ment important de l\u2019\u00e9quipe.<\/strong> Sur le flanc droit de l\u2019attaque alsacienne, il est l\u2019un des joueurs les plus d\u00e9stabilisants de la Ligue 1. Auteur d<strong>e 6 buts et 8 passes d\u00e9cisives en 30 matchs de championnat<\/strong>, il sort d\u2019une nouvelle saison compl\u00e8te. Son profil int\u00e9resse grandement la Premier League et notamment Nottingham Forest, <strong>qui travaille depuis quelque temps sur son profil.<\/strong><\/p>\n<p>Si la derni\u00e8re offre a \u00e9t\u00e9 refus\u00e9e par le club fran\u00e7ais, c<strong>e n\u2019est qu\u2019une question de temps avant qu\u2019un accord puisse \u00eatre trouv\u00e9.<\/strong><\/p>\n<p>Grand fan du Bar\u00e7a depuis la grande \u00e9poque de Guardiola, je remercie chaque jour mon p\u00e8re de m\u2019avoir mis devant un Barcelone \u2013 Arsenal en 2011.&#13;<br \/>\nPassionn\u00e9 par ce sport qui peut me rendre tr\u00e8s heureux tout comme il peut m\u2019enlever le go\u00fbt de la vie, je souhaite voir mon pays enfin remporter l\u2019Euro car en 2000, je n\u2019\u00e9tais pas n\u00e9.<\/p>\n<p><script async src=\"https:\/\/platform.twitter.com\/widgets.js\" charset=\"utf-8\"><\/script><\/p>\n","protected":false},"excerpt":{"rendered":"Un club de Premier League fait une offre importante pour la p\u00e9pite du RC Strasbourg, Dilane Bakwa. Apr\u00e8s&hellip;\n","protected":false},"author":2,"featured_media":316361,"comment_status":"","ping_status":"","sticky":false,"template":"","format":"standard","meta":{"footnotes":""},"categories":[2820],"tags":[1111,11,1777,674,1011,27,775,12,25,640],"class_list":{"0":"post-316360","1":"post","2":"type-post","3":"status-publish","4":"format-standard","5":"has-post-thumbnail","7":"category-strasbourg","8":"tag-actu","9":"tag-actualites","10":"tag-eu","11":"tag-europe","12":"tag-fr","13":"tag-france","14":"tag-grand-est","15":"tag-news","16":"tag-republique-francaise","17":"tag-strasbourg"},"share_on_mastodon":{"url":"https:\/\/pubeurope.com\/@fr\/115021743684031416","error":""},"_links":{"self":[{"href":"https:\/\/www.europesays.com\/fr\/wp-json\/wp\/v2\/posts\/316360","targetHints":{"allow":["GET"]}}],"collection":[{"href":"https:\/\/www.europesays.com\/fr\/wp-json\/wp\/v2\/posts"}],"about":[{"href":"https:\/\/www.europesays.com\/fr\/wp-json\/wp\/v2\/types\/post"}],"author":[{"embeddable":true,"href":"https:\/\/www.europesays.com\/fr\/wp-json\/wp\/v2\/users\/2"}],"replies":[{"embeddable":true,"href":"https:\/\/www.europesays.com\/fr\/wp-json\/wp\/v2\/comments?post=316360"}],"version-history":[{"count":0,"href":"https:\/\/www.europesays.com\/fr\/wp-json\/wp\/v2\/posts\/316360\/revisions"}],"wp:featuredmedia":[{"embeddable":true,"href":"https:\/\/www.europesays.com\/fr\/wp-json\/wp\/v2\/media\/316361"}],"wp:attachment":[{"href":"https:\/\/www.europesays.com\/fr\/wp-json\/wp\/v2\/media?parent=316360"}],"wp:term":[{"taxonomy":"category","embeddable":true,"href":"https:\/\/www.europesays.com\/fr\/wp-json\/wp\/v2\/categories?post=316360"},{"taxonomy":"post_tag","embeddable":true,"href":"https:\/\/www.europesays.com\/fr\/wp-json\/wp\/v2\/tags?post=316360"}],"curies":[{"name":"wp","href":"https:\/\/api.w.org\/{rel}","templated":true}]}}