{"id":316364,"date":"2025-08-13T13:42:12","date_gmt":"2025-08-13T13:42:12","guid":{"rendered":"https:\/\/www.europesays.com\/fr\/316364\/"},"modified":"2025-08-13T13:42:12","modified_gmt":"2025-08-13T13:42:12","slug":"a-nice-peut-on-encore-trouver-une-chambre-dhotel-en-plein-mois-daout-et-a-quel-prix-on-a-enquete-pour-vous","status":"publish","type":"post","link":"https:\/\/www.europesays.com\/fr\/316364\/","title":{"rendered":"\u00c0 Nice, peut-on encore trouver une chambre d\u2019h\u00f4tel en plein mois d\u2019ao\u00fbt et \u00e0 quel prix? On a enqu\u00eat\u00e9 pour vous"},"content":{"rendered":"<p data-start=\"105\" data-end=\"607\">Trouve-t-on encore une chambre d\u2019h\u00f4tel \u00e0 Nice en plein c\u0153ur du mois d\u2019ao\u00fbt ? En plein c\u0153ur d\u2019une saison \u00ab\u00a0exceptionnelle\u00a0\u00bb, selon le terme employ\u00e9 par Bruno Mercadal, le repr\u00e9sentant de la F\u00e9d\u00e9ration h\u00f4tellerie restauration tourisme Nice-C\u00f4te d\u2019Azur ? Avec \u00ab\u00a0un taux d\u2019occupation autour de 90-95 %,\u00a0\u00bb la plupart des h\u00f4tels de la ville sont bond\u00e9s. Confirmation sur le site sp\u00e9cialis\u00e9 Booking.com avec cet avertissement : \u00ab\u00a096 % des \u00e9tablissements ne sont pas disponibles sur notre site \u00e0 vos dates.\u00a0\u00bb<\/p>\n<p data-start=\"609\" data-end=\"1038\">Nous avons cherch\u00e9, hier, une chambre pour deux personnes, pour nous loger ce soir dans l\u2019un des quelque 200 h\u00f4tels que compte la cit\u00e9, d\u2019apr\u00e8s l\u2019office de tourisme.<br data-start=\"774\" data-end=\"777\"\/>&#13;<br \/>\nPremier constat : nous avons gal\u00e9r\u00e9. Deuxi\u00e8me constat : en plus d\u2019\u00eatre rares, les derni\u00e8res chambres partent vite. Et les prix \u00e9voluent tout aussi rapidement : souvent, les tarifs affich\u00e9s en milieu d\u2019apr\u00e8s-midi avaient augment\u00e9 avant m\u00eame le d\u00e9but de soir\u00e9e.<\/p>\n<p data-start=\"1040\" data-end=\"1116\">Alors, combien co\u00fbte une nuit\u00e9e \u00e0 Nice en ce moment? \u00c9l\u00e9ments de r\u00e9ponse.<\/p>\n<p data-start=\"1040\" data-end=\"1116\">Pas d\u2019\u00e9toiles \u00e0 moins de 135 euros<\/p>\n<p data-start=\"1165\" data-end=\"1466\">129 euros : c\u2019est le prix de la chambre la moins ch\u00e8re que nous avons d\u00e9got\u00e9e. \u00c0 H\u00f4tel Lyonnais, pas d\u2019\u00e9toiles mais un \u00ab\u00a0emplacement id\u00e9al\u00a0\u00bb (rue de Russie), \u00ab\u00a0proche du centre-ville\u00a0\u00bb, vantent les diff\u00e9rentes plateformes de r\u00e9servation. Hier, l\u2019\u00e9tablissement affichait presque complet pour ce soir.<\/p>\n<p data-start=\"1468\" data-end=\"1685\">\u00c0 peine plus on\u00e9reux, et d\u2019un standing plus \u00e9lev\u00e9 &#8211; mais aussi plus excentr\u00e9 -, l\u2019H\u00f4tel-restaurant Isidore Nice Ouest. Ce 3-\u00e9toiles de la plaine du Var propose des chambres \u00e0 partir de 135 euros avec petit-d\u00e9jeuner.<\/p>\n<p data-start=\"1687\" data-end=\"1852\">Plus pr\u00e8s des plages, une chambre \u00e0 l\u2019h\u00f4tel Ibis Nice A\u00e9roport (promenade des Anglais), un 2-\u00e9toiles not\u00e9 8\/10 par les usagers de Booking.com, revient \u00e0 144 euros.<\/p>\n<p data-start=\"1687\" data-end=\"1852\">Pas beaucoup plus cher pour un 3-\u00e9toiles en ville<\/p>\n<p data-start=\"1916\" data-end=\"2137\">Et si l\u2019on monte en gamme? Le choix n\u2019est pas plus large et les prix, \u00e0 peine plus \u00e9lev\u00e9s. Comme \u00e0 Nice-Nord, o\u00f9 l\u2019H\u00f4tel Villa Rose (avenue Bellevue) solde ses derni\u00e8res chambres libres \u00e0 148 euros avec petit-d\u00e9jeuner.<\/p>\n<p data-start=\"2139\" data-end=\"2348\">En centre-ville, derri\u00e8re la basilique, l\u2019h\u00f4tel Bristol (rue Paganini) est accessible pour 170 euros la nuit. Quartier du port, comptez 185 euros pour une chambre \u00e0 l\u2019H\u00f4tel du Pin (sur la place du m\u00eame nom).<\/p>\n<p data-start=\"2139\" data-end=\"2348\">Large \u00e9ventail de prix dans les 4-\u00e9toiles<\/p>\n<p data-start=\"2404\" data-end=\"2624\">Le 4-\u00e9toiles le moins cher que nous avons trouv\u00e9? Le Villa Bougainville by HappyCulture (avenue Thiers) \u00e0 227 euros la nuit. La derni\u00e8re chambre disponible au Yelo de l\u2019avenue Jean-M\u00e9decin affichait dix euros de plus.<\/p>\n<p data-start=\"2626\" data-end=\"2774\">Au Best Western (rue Gioffredo), la chambre est \u00e0 326 euros. Pour la vue mer, il faut d\u00e9bourser 443 euros au Radisson Blu (promenade des Anglais).<\/p>\n<p data-start=\"2776\" data-end=\"2855\">Enfin, La P\u00e9rouse (\u00e0 Rauba-Cape\u00f9) propose des chambres \u00e0 partir de 709 euros.<\/p>\n<p data-start=\"2776\" data-end=\"2855\">Des nuits \u00e0 presque 1.000 euros dans les 5-\u00e9toiles<\/p>\n<p data-start=\"2920\" data-end=\"3122\">Et les h\u00f4tels de luxe? L\u2019Hyatt Regency du palais de la M\u00e9diterran\u00e9e proposait sa derni\u00e8re chambre \u00e0 1.484 euros hier apr\u00e8s-midi. Le temps de sortir la carte bleue, elle nous \u00e9tait pass\u00e9e sous le nez\u2026<\/p>\n<p data-start=\"3124\" data-end=\"3400\">Mais tous les h\u00f4tels de luxe de la ville n\u2019affichent pas complet: on pouvait encore, hier, se loger au Boscolo pour 549 euros, \u00e0 l\u2019Anantara-Plaza pour 715 euros, au Negresco pour 818 euros, \u00e0 Maison Albar \u2013 Le Victoria pour 829 euros ou \u00e0 l\u2019H\u00f4tel du Couvent pour 890 euros.<\/p>\n<p>            L\u2019alternative des auberges de jeunesse<\/p>\n<p data-start=\"3453\" data-end=\"3698\">Aux auberges de jeunesse, tous les \u00e2ges sont bienvenus. Ces logements collectifs sont plus abordables, m\u00eame si les prix triplent durant l\u2019\u00e9t\u00e9. Les dortoirs partag\u00e9s de l\u2019Hostel Baccarat (rue d\u2019Angleterre) sont accessibles \u00e0 partir de 45 euros.<\/p>\n<p data-start=\"3700\" data-end=\"3944\">Plus intimes, les chambres individuelles du Simple Stay (boulevard Raimbaldi), les moins ch\u00e8res que nous avons trouv\u00e9es, sont \u00e0 133 euros. Mais les places y sont rares : la plupart des auberges de jeunesse affichent complet jusqu\u2019\u00e0 septembre.<\/p>\n<p data-start=\"3946\" data-end=\"4130\">Sur les plateformes de locations saisonni\u00e8res, on trouve \u00e9galement plusieurs centaines d\u2019h\u00e9bergements. La chambre (chez un particulier) la moins ch\u00e8re ? Elle \u00e9tait, hier, \u00e0 98 euros.<\/p>\n","protected":false},"excerpt":{"rendered":"Trouve-t-on encore une chambre d\u2019h\u00f4tel \u00e0 Nice en plein c\u0153ur du mois d\u2019ao\u00fbt ? En plein c\u0153ur d\u2019une&hellip;\n","protected":false},"author":2,"featured_media":316365,"comment_status":"","ping_status":"","sticky":false,"template":"","format":"standard","meta":{"footnotes":""},"categories":[2819],"tags":[1111,11,33,1777,674,1011,27,12,2401,882,25],"class_list":{"0":"post-316364","1":"post","2":"type-post","3":"status-publish","4":"format-standard","5":"has-post-thumbnail","7":"category-nice","8":"tag-actu","9":"tag-actualites","10":"tag-economie","11":"tag-eu","12":"tag-europe","13":"tag-fr","14":"tag-france","15":"tag-news","16":"tag-nice","17":"tag-provence-alpes-cote-dazur","18":"tag-republique-francaise"},"share_on_mastodon":{"url":"https:\/\/pubeurope.com\/@fr\/115021751538232047","error":""},"_links":{"self":[{"href":"https:\/\/www.europesays.com\/fr\/wp-json\/wp\/v2\/posts\/316364","targetHints":{"allow":["GET"]}}],"collection":[{"href":"https:\/\/www.europesays.com\/fr\/wp-json\/wp\/v2\/posts"}],"about":[{"href":"https:\/\/www.europesays.com\/fr\/wp-json\/wp\/v2\/types\/post"}],"author":[{"embeddable":true,"href":"https:\/\/www.europesays.com\/fr\/wp-json\/wp\/v2\/users\/2"}],"replies":[{"embeddable":true,"href":"https:\/\/www.europesays.com\/fr\/wp-json\/wp\/v2\/comments?post=316364"}],"version-history":[{"count":0,"href":"https:\/\/www.europesays.com\/fr\/wp-json\/wp\/v2\/posts\/316364\/revisions"}],"wp:featuredmedia":[{"embeddable":true,"href":"https:\/\/www.europesays.com\/fr\/wp-json\/wp\/v2\/media\/316365"}],"wp:attachment":[{"href":"https:\/\/www.europesays.com\/fr\/wp-json\/wp\/v2\/media?parent=316364"}],"wp:term":[{"taxonomy":"category","embeddable":true,"href":"https:\/\/www.europesays.com\/fr\/wp-json\/wp\/v2\/categories?post=316364"},{"taxonomy":"post_tag","embeddable":true,"href":"https:\/\/www.europesays.com\/fr\/wp-json\/wp\/v2\/tags?post=316364"}],"curies":[{"name":"wp","href":"https:\/\/api.w.org\/{rel}","templated":true}]}}