{"id":316366,"date":"2025-08-13T13:43:20","date_gmt":"2025-08-13T13:43:20","guid":{"rendered":"https:\/\/www.europesays.com\/fr\/316366\/"},"modified":"2025-08-13T13:43:20","modified_gmt":"2025-08-13T13:43:20","slug":"le-policier-fait-sonner-le-telephone-vole-lors-dun-controle-et-confond-les-voleurs-a-nantes","status":"publish","type":"post","link":"https:\/\/www.europesays.com\/fr\/316366\/","title":{"rendered":"Le policier fait sonner le t\u00e9l\u00e9phone vol\u00e9 lors d\u2019un contr\u00f4le et confond les voleurs \u00e0 Nantes"},"content":{"rendered":"<tr wp_automatic_readability=\"2.9318181818182\">\n<td valign=\"middle\" align=\"center\" class=\"col-logo\">\n    <img decoding=\"async\" src=\"https:\/\/www.europesays.com\/fr\/wp-content\/uploads\/2025\/04\/presse-ocean.gif\" alt=\"logo Presse-Oc\u00e9an\" height=\"66\"\/><\/p>\n<\/td>\n<td class=\"col-titre\">\n\t\t\tMercredi 13 ao\u00fbt 2025 11:38<br \/>\n\t\t\t<a class=\"icon-bulle sizeL count\" href=\"#ancreAvis\"><br \/>\n\t&#8230;<br \/>\n<\/a><\/td>\n<\/tr>\n<p>\t\t<a class=\"mavillebox2 elmt-photo\" href=\"https:\/\/maville.com\/photosmvi\/2025\/08\/13\/P35403883D6933719G.jpg\" title=\" Les gardes \u00e0 vue ont d\u00e9but\u00e9 mardi soir, au commissariat central de Nantes  \u00a9  Photo archives CO  &lt;!--TAG-BLC credit--&gt;\" rel=\"galerie_actu noopener\" target=\"_blank\"><br \/>\n\t<img decoding=\"async\" src=\"https:\/\/www.europesays.com\/fr\/wp-content\/uploads\/2025\/08\/P35403883D6933719G_crop_640-330_.jpg\" alt=\"photo  les gardes \u00e0 vue ont d\u00e9but\u00e9 mardi soir, au commissariat central de nantes  \u00a9  photo archives co \"\/><br \/>\n\t1<br \/>\n<\/a><\/p>\n<p class=\"elmt-legende\"> Les gardes \u00e0 vue ont d\u00e9but\u00e9 mardi soir, au commissariat central de Nantes  \u00a9  Photo archives CO  <\/p>\n<p>\t\tMardi 12\u00a0ao\u00fbt 2025, peu avant 19\u00a0h, deux hommes de 27 et 52\u00a0ans ont \u00e9t\u00e9 interpell\u00e9s quartier Botti\u00e8re \u00e0 Nantes, pour avoir d\u00e9rob\u00e9 un t\u00e9l\u00e9phone plus t\u00f4t dans la journ\u00e9e.<\/p>\n<p><b>Cet article est r\u00e9serv\u00e9 aux abonn\u00e9s<\/b><\/p>\n<p>Pour un acc\u00e8s imm\u00e9diat, abonnez-vous<\/p>\n<p><b>1\u00e8re semaine offerte<\/b><\/p>\n<p>\t\t Ana\u00efs Denet \u00a0\u00a0<br \/>\n\t\tPresse-Oc\u00e9an<\/p>\n<p>Retrouvez d&rsquo;autres actus sur la commune de :<\/p>\n<p>\t\t&#13;<\/p>\n","protected":false},"excerpt":{"rendered":"Mercredi 13 ao\u00fbt 2025 11:38 &#8230; 1 Les gardes \u00e0 vue ont d\u00e9but\u00e9 mardi soir, au commissariat central&hellip;\n","protected":false},"author":2,"featured_media":316367,"comment_status":"","ping_status":"","sticky":false,"template":"","format":"standard","meta":{"footnotes":""},"categories":[2818],"tags":[1111,11,45508,7325,1777,674,21,1011,27,7826,766,12,2636,10910,25,15862,319,9343,42807],"class_list":{"0":"post-316366","1":"post","2":"type-post","3":"status-publish","4":"format-standard","5":"has-post-thumbnail","7":"category-nantes","8":"tag-actu","9":"tag-actualites","10":"tag-confond","11":"tag-controle","12":"tag-eu","13":"tag-europe","14":"tag-fait","15":"tag-fr","16":"tag-france","17":"tag-lors","18":"tag-nantes","19":"tag-news","20":"tag-pays-de-la-loire","21":"tag-policier","22":"tag-republique-francaise","23":"tag-sonner","24":"tag-telephone","25":"tag-vole","26":"tag-voleurs"},"share_on_mastodon":{"url":"https:\/\/pubeurope.com\/@fr\/115021755686533633","error":""},"_links":{"self":[{"href":"https:\/\/www.europesays.com\/fr\/wp-json\/wp\/v2\/posts\/316366","targetHints":{"allow":["GET"]}}],"collection":[{"href":"https:\/\/www.europesays.com\/fr\/wp-json\/wp\/v2\/posts"}],"about":[{"href":"https:\/\/www.europesays.com\/fr\/wp-json\/wp\/v2\/types\/post"}],"author":[{"embeddable":true,"href":"https:\/\/www.europesays.com\/fr\/wp-json\/wp\/v2\/users\/2"}],"replies":[{"embeddable":true,"href":"https:\/\/www.europesays.com\/fr\/wp-json\/wp\/v2\/comments?post=316366"}],"version-history":[{"count":0,"href":"https:\/\/www.europesays.com\/fr\/wp-json\/wp\/v2\/posts\/316366\/revisions"}],"wp:featuredmedia":[{"embeddable":true,"href":"https:\/\/www.europesays.com\/fr\/wp-json\/wp\/v2\/media\/316367"}],"wp:attachment":[{"href":"https:\/\/www.europesays.com\/fr\/wp-json\/wp\/v2\/media?parent=316366"}],"wp:term":[{"taxonomy":"category","embeddable":true,"href":"https:\/\/www.europesays.com\/fr\/wp-json\/wp\/v2\/categories?post=316366"},{"taxonomy":"post_tag","embeddable":true,"href":"https:\/\/www.europesays.com\/fr\/wp-json\/wp\/v2\/tags?post=316366"}],"curies":[{"name":"wp","href":"https:\/\/api.w.org\/{rel}","templated":true}]}}