{"id":316372,"date":"2025-08-13T13:46:12","date_gmt":"2025-08-13T13:46:12","guid":{"rendered":"https:\/\/www.europesays.com\/fr\/316372\/"},"modified":"2025-08-13T13:46:12","modified_gmt":"2025-08-13T13:46:12","slug":"un-petit-garcon-de-4-ans-meurt-noye-dans-la-piscine-dun-camping-pres-de-bordeaux","status":"publish","type":"post","link":"https:\/\/www.europesays.com\/fr\/316372\/","title":{"rendered":"un petit gar\u00e7on de 4 ans meurt noy\u00e9 dans la piscine d\u2019un camping pr\u00e8s de Bordeaux"},"content":{"rendered":"<p>C\u2019est un nouveau drame qui vient s\u2019ajouter \u00e0 la longue liste de morts par noyade cet \u00e9t\u00e9. Un petit gar\u00e7on de quatre ans a \u00e9t\u00e9 retrouv\u00e9 inerte, samedi 9\u00a0ao\u00fbt, dans la piscine d\u2019un camping de\u00a0La Teste-de-Buch, tout proche de la dune du Pilat, en r\u00e9gion bordelaise. Son corps a \u00e9t\u00e9 pris en charge par les secours dans la foul\u00e9e pour tenter de r\u00e9animer l\u2019enfant, mais celui-ci a succomb\u00e9 \u00e0 ses blessures.<\/p>\n<p>Au moment du drame, le petit gar\u00e7on se baignait avec son grand fr\u00e8re de 9\u00a0ans dans la piscine du camping, d\u2019apr\u00e8s la police d\u2019Arcachon. \u00ab\u00a0Tout s\u2019est pass\u00e9 en quelques minutes seulement, alors que les parents \u00e9taient en train de ranger leurs affaires\u00a0\u00bb, a indiqu\u00e9 le propri\u00e9taire du camping, pr\u00e9cisant que le petit gar\u00e7on \u00e9tait rest\u00e9 avec son grand fr\u00e8re.<\/p>\n<p>\u00ab\u00a0Nombreuses tentatives de r\u00e9animation\u00a0\u00bb<\/p>\n<p>Lorsqu\u2019il a \u00e9t\u00e9 d\u00e9couvert inerte, l\u2019enfant a \u00e9t\u00e9 h\u00e9liport\u00e9 vers un h\u00f4pital de l\u2019agglom\u00e9ration bordelaise, o\u00f9 son d\u00e9c\u00e8s a \u00e9t\u00e9 constat\u00e9 malgr\u00e9 \u00ab\u00a0de nombreuses tentatives de r\u00e9animation\u00a0\u00bb, en vain, a indiqu\u00e9 le parquet de Bordeaux, reprenant une information de <a title=\"Lien vers l&#039;article original\" target=\"_self\" href=\"https:\/\/www.sudouest.fr\/gironde\/la-teste-de-buch\/gironde-un-enfant-de-4-ans-se-noie-dans-la-piscine-d-un-camping-25536816.php\" rel=\"nofollow noopener\">Sud-Ouest<\/a>. Le parquet pr\u00e9cise que \u00ab\u00a0les investigations sont en cours afin de d\u00e9terminer les circonstances exactes de ce d\u00e9c\u00e8s\u00a0\u00bb. La piscine a \u00e9t\u00e9 imm\u00e9diatement ferm\u00e9e et toutes les animations pr\u00e9vues ont \u00e9t\u00e9 annul\u00e9es \u00ab\u00a0par respect pour la famille\u00a0\u00bb, selon le g\u00e9rant du camping.<\/p>\n<p>Entre le 1er\u00a0juin et le 23\u00a0juillet, 193 personnes ont perdu la vie par noyade dans l\u2019Hexagone, soit une\u00a0augmentation de 45\u00a0% sur un an, alors que les zones de baignades ont \u00e9t\u00e9 particuli\u00e8rement fr\u00e9quent\u00e9es ces derni\u00e8res semaines, en raison des fortes chaleurs.<\/p>\n","protected":false},"excerpt":{"rendered":"C\u2019est un nouveau drame qui vient s\u2019ajouter \u00e0 la longue liste de morts par noyade cet \u00e9t\u00e9. Un&hellip;\n","protected":false},"author":2,"featured_media":316373,"comment_status":"","ping_status":"","sticky":false,"template":"","format":"standard","meta":{"footnotes":""},"categories":[2817],"tags":[328,3085,1111,11,1997,1777,674,274,1011,27,329,12,2219,25],"class_list":{"0":"post-316372","1":"post","2":"type-post","3":"status-publish","4":"format-standard","5":"has-post-thumbnail","7":"category-bordeaux","8":"tag-a-la-une","9":"tag-accidents","10":"tag-actu","11":"tag-actualites","12":"tag-bordeaux","13":"tag-eu","14":"tag-europe","15":"tag-faits-divers-justice","16":"tag-fr","17":"tag-france","18":"tag-france-monde","19":"tag-news","20":"tag-nouvelle-aquitaine","21":"tag-republique-francaise"},"share_on_mastodon":{"url":"https:\/\/pubeurope.com\/@fr\/115021767266870167","error":""},"_links":{"self":[{"href":"https:\/\/www.europesays.com\/fr\/wp-json\/wp\/v2\/posts\/316372","targetHints":{"allow":["GET"]}}],"collection":[{"href":"https:\/\/www.europesays.com\/fr\/wp-json\/wp\/v2\/posts"}],"about":[{"href":"https:\/\/www.europesays.com\/fr\/wp-json\/wp\/v2\/types\/post"}],"author":[{"embeddable":true,"href":"https:\/\/www.europesays.com\/fr\/wp-json\/wp\/v2\/users\/2"}],"replies":[{"embeddable":true,"href":"https:\/\/www.europesays.com\/fr\/wp-json\/wp\/v2\/comments?post=316372"}],"version-history":[{"count":0,"href":"https:\/\/www.europesays.com\/fr\/wp-json\/wp\/v2\/posts\/316372\/revisions"}],"wp:featuredmedia":[{"embeddable":true,"href":"https:\/\/www.europesays.com\/fr\/wp-json\/wp\/v2\/media\/316373"}],"wp:attachment":[{"href":"https:\/\/www.europesays.com\/fr\/wp-json\/wp\/v2\/media?parent=316372"}],"wp:term":[{"taxonomy":"category","embeddable":true,"href":"https:\/\/www.europesays.com\/fr\/wp-json\/wp\/v2\/categories?post=316372"},{"taxonomy":"post_tag","embeddable":true,"href":"https:\/\/www.europesays.com\/fr\/wp-json\/wp\/v2\/tags?post=316372"}],"curies":[{"name":"wp","href":"https:\/\/api.w.org\/{rel}","templated":true}]}}