{"id":316376,"date":"2025-08-13T13:48:11","date_gmt":"2025-08-13T13:48:11","guid":{"rendered":"https:\/\/www.europesays.com\/fr\/316376\/"},"modified":"2025-08-13T13:48:11","modified_gmt":"2025-08-13T13:48:11","slug":"2-600-clients-sont-impactes","status":"publish","type":"post","link":"https:\/\/www.europesays.com\/fr\/316376\/","title":{"rendered":"2 600 clients sont impact\u00e9s"},"content":{"rendered":"<p>            Par<br \/>\n        <strong><br \/>\n            <a href=\"https:\/\/actu.fr\/auteur\/marie-lamarque\" title=\"Consulter tous les articles de Marie Lamarque\" target=\"_blank\" rel=\"noopener\">Marie Lamarque<\/a><br \/>\n        <\/strong><\/p>\n<p>        Publi\u00e9 le<\/p>\n<p>            13 ao\u00fbt 2025 \u00e0 15h14        <\/p>\n<p><a href=\"https:\/\/actu.fr\/occitanie\/toulouse_31555\/rues-calmes-commerces-deserts-et-terrasses-vides-toulouse-paralysee-par-la-canicule_63027517.html\" target=\"_blank\" rel=\"noopener\">En pleine canicule<\/a>, c\u2019est une \u00e9norme panne qui tombe tr\u00e8s mal. Depuis 6h du matin, tout un quartier de <a href=\"https:\/\/actu.fr\/toulouse\/\" target=\"_blank\" rel=\"noopener\">Toulouse<\/a> se retrouve <strong>sans \u00e9lectricit\u00e9<\/strong> ce mercredi 13 ao\u00fbt 2025. Dans le secteur de Bellefontaine, au sud-ouest de la Ville rose, \u00ab\u00a0<strong>2 600 clients ont \u00e9t\u00e9 impact\u00e9s<\/strong> au plus fort de l\u2019\u00e9pisode\u00a0\u00bb, indiquent les services Enedis, contact\u00e9s par Actu Toulouse.<\/p>\n<p>    <a href=\"https:\/\/www.google.com\/maps\/embed?pb=!1m18!1m12!1m3!1d5782.194237031792!2d1.3939116503070914!3d43.56285938442575!2m3!1f0!2f0!3f0!3m2!1i1024!2i768!4f13.1!3m3!1m2!1s0x12aeba31eb1a6b05%3A0x91c6efa73f691aa8!2sBellefontaine%2C%2031100%20Toulouse!5e0!3m2!1sfr!2sfr!4v1755090317775!5m2!1sfr!2sfr\" title=\"Ouvrie le lien\" target=\"_blank\" rel=\"noopener\">Cliquez ici pour visualiser le contenu<\/a><\/p>\n<p>A quand un retour \u00e0 la normale ?<\/p>\n<p class=\" wall-content\">Sans \u00e9lectricit\u00e9, difficile de se rafra\u00eechir pour les habitants de ce quartier qui, comme dans toute la Ville rose, <strong>subissent les fortes chaleurs<\/strong> depuis bient\u00f4t une semaine. Pas de climatisation, de ventilation, et surtout pas de r\u00e9frig\u00e9rateurs et de cong\u00e9lateurs fonctionnels pour garder sa nourriture au frais.<\/p>\n<p class=\" wall-content\">Les habitants vont devoir prendre leur mal en patience. Enedis pr\u00e9voit <strong>un retour \u00e0 la normale \u00ab\u00a0au cours de l\u2019apr\u00e8s-midi<\/strong>, \u00e0 19h au plus tard\u00a0\u00bb, expliquent les services.<\/p>\n<p class=\" wall-content\">Parmi les 2 600 clients coup\u00e9s, \u00ab\u00a0plus de la moiti\u00e9 a eu le courant r\u00e9tabli\u00a0\u00bb, indique la permanence jointe par Actu Toulouse vers 14h30 ce mercredi.<\/p>\n<p>Vid\u00e9os : en ce moment sur ActuComment expliquer cette panne ?<\/p>\n<p class=\" wall-content\">Comment expliquer cette panne qui touche tout un quartier ? <strong>La faute \u00e0 la canicule<\/strong>, r\u00e9pond Enedis : \u00ab\u00a0des c\u00e2bles sous-terrains peuvent chauffer, ce qui entra\u00eene des pannes\u00a0\u00bb.<\/p>\n<p class=\" wall-content\">Et d\u2019ajouter : \u00ab\u00a0nos \u00e9quipes sont mobilis\u00e9es depuis ce jeudi matin sur place\u00a0\u00bb. Les op\u00e9rations de r\u00e9parations n\u00e9cessitent \u00ab\u00a0d\u2019ouvrir la chauss\u00e9e et des travaux de terrassement\u00a0\u00bb. Ce qui peut \u00ab\u00a0prendre du temps\u00a0\u00bb, pr\u00e9vient Enedis.<\/p>\n<p class=\" wall-content\">En fin de matin\u00e9e, <strong>50 op\u00e9rations<\/strong> \u00e9taient encore en cours selon le site d\u2019Enedis.<\/p>\n<p class=\" wall-content\">Suivez toute l\u2019actualit\u00e9 de vos villes et m\u00e9dias favoris en vous inscrivant \u00e0 <a href=\"https:\/\/moncompte.actu.fr\" title=\"D\u00e9couvez Mon Actu\" rel=\"nofollow noopener\" data-trk=\"{&quot;cta&quot;:{&quot;action&quot;:&quot;https:\\\/\\\/moncompte.actu.fr&quot;,&quot;category&quot;:&quot;mon compte&quot;,&quot;from&quot;:&quot;article footer&quot;,&quot;name&quot;:&quot;Mon actu&quot;,&quot;type&quot;:&quot;cta&quot;}}\" target=\"_blank\">Mon Actu<\/a>.<\/p>\n","protected":false},"excerpt":{"rendered":"Par Marie Lamarque Publi\u00e9 le 13 ao\u00fbt 2025 \u00e0 15h14 En pleine canicule, c\u2019est une \u00e9norme panne qui&hellip;\n","protected":false},"author":2,"featured_media":316377,"comment_status":"","ping_status":"","sticky":false,"template":"","format":"standard","meta":{"footnotes":""},"categories":[2816],"tags":[1111,11,3674,1777,674,1011,27,12,2680,10899,25,104,2312],"class_list":{"0":"post-316376","1":"post","2":"type-post","3":"status-publish","4":"format-standard","5":"has-post-thumbnail","7":"category-toulouse","8":"tag-actu","9":"tag-actualites","10":"tag-enedis","11":"tag-eu","12":"tag-europe","13":"tag-fr","14":"tag-france","15":"tag-news","16":"tag-occitanie","17":"tag-panne","18":"tag-republique-francaise","19":"tag-societe","20":"tag-toulouse"},"share_on_mastodon":{"url":"https:\/\/pubeurope.com\/@fr\/115021775079315063","error":""},"_links":{"self":[{"href":"https:\/\/www.europesays.com\/fr\/wp-json\/wp\/v2\/posts\/316376","targetHints":{"allow":["GET"]}}],"collection":[{"href":"https:\/\/www.europesays.com\/fr\/wp-json\/wp\/v2\/posts"}],"about":[{"href":"https:\/\/www.europesays.com\/fr\/wp-json\/wp\/v2\/types\/post"}],"author":[{"embeddable":true,"href":"https:\/\/www.europesays.com\/fr\/wp-json\/wp\/v2\/users\/2"}],"replies":[{"embeddable":true,"href":"https:\/\/www.europesays.com\/fr\/wp-json\/wp\/v2\/comments?post=316376"}],"version-history":[{"count":0,"href":"https:\/\/www.europesays.com\/fr\/wp-json\/wp\/v2\/posts\/316376\/revisions"}],"wp:featuredmedia":[{"embeddable":true,"href":"https:\/\/www.europesays.com\/fr\/wp-json\/wp\/v2\/media\/316377"}],"wp:attachment":[{"href":"https:\/\/www.europesays.com\/fr\/wp-json\/wp\/v2\/media?parent=316376"}],"wp:term":[{"taxonomy":"category","embeddable":true,"href":"https:\/\/www.europesays.com\/fr\/wp-json\/wp\/v2\/categories?post=316376"},{"taxonomy":"post_tag","embeddable":true,"href":"https:\/\/www.europesays.com\/fr\/wp-json\/wp\/v2\/tags?post=316376"}],"curies":[{"name":"wp","href":"https:\/\/api.w.org\/{rel}","templated":true}]}}