{"id":316378,"date":"2025-08-13T13:50:11","date_gmt":"2025-08-13T13:50:11","guid":{"rendered":"https:\/\/www.europesays.com\/fr\/316378\/"},"modified":"2025-08-13T13:50:11","modified_gmt":"2025-08-13T13:50:11","slug":"a-lille-les-ilots-de-chaleur-transforment-la-ville-en-fournaise","status":"publish","type":"post","link":"https:\/\/www.europesays.com\/fr\/316378\/","title":{"rendered":"\u00e0 Lille, les \u00eelots de chaleur transforment la ville en fournaise"},"content":{"rendered":"<p class=\"article-p mdl\">En p\u00e9riode estivale, les vagues de chaleur se multiplient et, en ville, cela peut vite devenir insupportable. Comprendre et agir contre ces \u00eelots de chaleur devient alors une urgence pour\u00a0<a class=\"link\" href=\"https:\/\/www.rtl.fr\/actu\/politique\/canicule-tout-est-deregle-va-falloir-s-y-faire-le-constat-du-maire-de-beziers-robert-menard-sur-rtl-7900529961\" target=\"_blank\" rel=\"noopener\">nos espaces urbains<\/a>. C&rsquo;est notamment le cas sur la place de Bettignies \u00e0 Lille, entour\u00e9e d&rsquo;immeubles dans\u00a0<a class=\"link\" href=\"https:\/\/www.rtl.fr\/actu\/meteo\/les-infos-de-18h-canicule-bordeaux-bat-un-record-de-chaleur-avec-41-6-c-7900529930\" target=\"_blank\" rel=\"noopener\">la vieille ville<\/a>, o\u00f9 la chaleur peut \u00eatre amplifi\u00e9e de 3 \u00e0 5 degr\u00e9s.<\/p>\n<p class=\"article-p mdl\">Jean habite ici depuis 30 ans. Au micro de RTL, il s&rsquo;exasp\u00e8re de ce ph\u00e9nom\u00e8ne. \u00ab\u00a0Il n&rsquo;y a rien, il n&rsquo;y a aucun arbre. Les premiers sont \u00e0 500 m\u00e8tres\u00a0\u00bb, d\u00e9crit-il avant de poursuivre : \u00ab\u00a0Il y a du pav\u00e9 au sol, il y a les murs qui r\u00e9fl\u00e9chissent donc il va faire tr\u00e8s chaud jusqu&rsquo;\u00e0 une \u00e0 deux heures du matin. M\u00eame en a\u00e9rant la nuit, il fait entre 28\u00b0C et 29\u00b0C dans la maison.\u00a0\u00bb<\/p>\n<p class=\"article-p mdl\">Et ce n&rsquo;est pas son carr\u00e9 de pelouse jauni par le soleil qui va, selon lui, apporter de la fra\u00eecheur \u00e0 l&rsquo;heure o\u00f9 les\u00a0<a class=\"link\" href=\"https:\/\/www.rtl.fr\/actu\/sante\/canicule-comment-les-ehpad-se-preparent-ils-a-affronter-les-grosses-chaleurs-7900529184\" target=\"_blank\" rel=\"noopener\">canicules se multiplient<\/a>. Son voisin, lui, est n\u00e9 \u00e0 Lille et lui explique qu&rsquo;il n&rsquo;avait jamais vu \u00e7a.<\/p>\n<p>            Remettre de l&rsquo;eau au coeur de Lille ?<\/p>\n<p class=\"article-p mdl\">Jean-Claude, autre habitant de Lille, est moins cat\u00e9gorique. Selon lui, la mairie tente doucement de changer les choses: \u00ab\u00a0\u00c7a manque d&rsquo;arbres. Des endroits comme l&rsquo;Avenue du Peuple Belge, \u00e7a sera mieux dans 3 \u00e0 5 ans. Cela ne suffira certainement pas, mais par rapport \u00e0 d&rsquo;autres villes europ\u00e9ennes ou de grandes villes, c&rsquo;est mieux.\u00a0\u00bb<\/p>\n<p class=\"article-p mdl\">Lille est <strong>une ville tr\u00e8s dense<\/strong>, alors parfois, pour cr\u00e9er des parcs en plein centre-ville, il faut d\u00e9molir. \u00ab\u00a0Les jardins de l&rsquo;ancien rectorat, en fait, c&rsquo;\u00e9tait pas simple. C&rsquo;\u00e9tait 100% b\u00e2ti, c&rsquo;\u00e9tait du bitume, des parkings et tout \u00e7a, on a enlev\u00e9\u00a0\u00bb, rapporte Stanislas Dendievel, adjoint \u00e0 l&rsquo;urbanisme et au paysage.<\/p>\n<p class=\"article-p mdl\">Certains voudraient \u00e9galement remettre de l&rsquo;eau au c\u0153ur de la ville. En <strong>redonnant vie \u00e0 d&rsquo;anciens canaux<\/strong>, ils avaient \u00e9t\u00e9 combl\u00e9s pour laisser place \u00e0 des routes ou \u00e0 des parkings.<\/p>\n<p>    La r\u00e9daction vous recommande<\/p>\n<p class=\"s-newsletter__title\">\n                L\u2019actualit\u00e9 par la r\u00e9daction de RTL dans votre bo\u00eete mail.\n            <\/p>\n<p class=\"s-newsletter__subtitle\">\n                Gr\u00e2ce \u00e0 votre compte RTL abonnez-vous \u00e0 la newsletter RTL info pour suivre toute l&rsquo;actualit\u00e9 au quotidien\n            <\/p>\n<p>\n                                    Lire la suite\n                                <\/p>\n","protected":false},"excerpt":{"rendered":"En p\u00e9riode estivale, les vagues de chaleur se multiplient et, en ville, cela peut vite devenir insupportable. Comprendre&hellip;\n","protected":false},"author":2,"featured_media":316379,"comment_status":"","ping_status":"","sticky":false,"template":"","format":"standard","meta":{"footnotes":""},"categories":[2815],"tags":[1111,11,6698,1777,674,107,1011,27,811,1307,2487,12,362,25,2648,1352],"class_list":{"0":"post-316378","1":"post","2":"type-post","3":"status-publish","4":"format-standard","5":"has-post-thumbnail","7":"category-lille","8":"tag-actu","9":"tag-actualites","10":"tag-canicule","11":"tag-eu","12":"tag-europe","13":"tag-fil-info","14":"tag-fr","15":"tag-france","16":"tag-hauts-de-france","17":"tag-lille","18":"tag-meteo","19":"tag-news","20":"tag-replay","21":"tag-republique-francaise","22":"tag-temperature","23":"tag-urbanisme"},"share_on_mastodon":{"url":"https:\/\/pubeurope.com\/@fr\/115021783035235829","error":""},"_links":{"self":[{"href":"https:\/\/www.europesays.com\/fr\/wp-json\/wp\/v2\/posts\/316378","targetHints":{"allow":["GET"]}}],"collection":[{"href":"https:\/\/www.europesays.com\/fr\/wp-json\/wp\/v2\/posts"}],"about":[{"href":"https:\/\/www.europesays.com\/fr\/wp-json\/wp\/v2\/types\/post"}],"author":[{"embeddable":true,"href":"https:\/\/www.europesays.com\/fr\/wp-json\/wp\/v2\/users\/2"}],"replies":[{"embeddable":true,"href":"https:\/\/www.europesays.com\/fr\/wp-json\/wp\/v2\/comments?post=316378"}],"version-history":[{"count":0,"href":"https:\/\/www.europesays.com\/fr\/wp-json\/wp\/v2\/posts\/316378\/revisions"}],"wp:featuredmedia":[{"embeddable":true,"href":"https:\/\/www.europesays.com\/fr\/wp-json\/wp\/v2\/media\/316379"}],"wp:attachment":[{"href":"https:\/\/www.europesays.com\/fr\/wp-json\/wp\/v2\/media?parent=316378"}],"wp:term":[{"taxonomy":"category","embeddable":true,"href":"https:\/\/www.europesays.com\/fr\/wp-json\/wp\/v2\/categories?post=316378"},{"taxonomy":"post_tag","embeddable":true,"href":"https:\/\/www.europesays.com\/fr\/wp-json\/wp\/v2\/tags?post=316378"}],"curies":[{"name":"wp","href":"https:\/\/api.w.org\/{rel}","templated":true}]}}