{"id":316380,"date":"2025-08-13T13:51:10","date_gmt":"2025-08-13T13:51:10","guid":{"rendered":"https:\/\/www.europesays.com\/fr\/316380\/"},"modified":"2025-08-13T13:51:10","modified_gmt":"2025-08-13T13:51:10","slug":"a-marseille-un-mortier-explose-dans-le-salon-dune-femme-de-92-ans-de-gros-degats","status":"publish","type":"post","link":"https:\/\/www.europesays.com\/fr\/316380\/","title":{"rendered":"\u00c0 Marseille, un mortier explose dans le salon d&rsquo;une femme de 92 ans, de gros d\u00e9g\u00e2ts"},"content":{"rendered":"<p>            Par<br \/>\n        <strong><br \/>\n            <a href=\"https:\/\/actu.fr\/auteur\/thibault-nadal-actu-fr\" title=\"Consulter tous les articles de Thibault Nadal\" rel=\"nofollow noopener\" target=\"_blank\">Thibault Nadal<\/a><br \/>\n        <\/strong><\/p>\n<p>        Publi\u00e9 le<\/p>\n<p>            13 ao\u00fbt 2025 \u00e0 14h47        <\/p>\n<p>Un nouvel \u00e9pisode dans cette <a href=\"https:\/\/actu.fr\/provence-alpes-cote-d-azur\/marseille_13055\/marseille-dans-ce-quartier-les-habitants-excedes-par-les-tirs-de-mortiers-il-va-y-avoir-un-drame_62929314.html\" rel=\"nofollow noopener\" target=\"_blank\">probl\u00e9matique r\u00e9currente<\/a> \u00e0 <a href=\"https:\/\/actu.fr\/marseille\/\" rel=\"nofollow noopener\" target=\"_blank\">Marseille<\/a>, dont l\u2019issue aurait pu s\u2019av\u00e9rer tragique. Alors qu\u2019elle se trouvait dans sa chambre, <strong>une retrait\u00e9e de 92\u00a0ans<\/strong> a vu le salon de son appartement, avenue de la Martheline, dans le 9e arrondissement, <strong>en partie souffl\u00e9 par un tir de mortier<\/strong> ce mercredi 13\u00a0ao\u00fbt 2025, indique aupr\u00e8s d\u2019actu Marseille Blaise Rosato, adjoint \u00e0 la S\u00e9curit\u00e9 \u00e0 la mairie de secteur.<\/p>\n<p>    <a href=\"https:\/\/www.google.com\/maps\/embed?pb=!1m18!1m12!1m3!1d3456.1584631735927!2d5.400502511840346!3d43.24573637211716!2m3!1f0!2f0!3f0!3m2!1i1024!2i768!4f13.1!3m3!1m2!1s0x12c9b8841e32edf7%3A0x98fc889890cf7ff8!2sAv.%20de%20la%20Martheline!5e0!3m2!1sfr!2sfr!4v1755086918908!5m2!1sfr!2sfr\" title=\"Ouvrie le lien\" rel=\"nofollow noopener\" target=\"_blank\">Cliquez ici pour visualiser le contenu<\/a><\/p>\n<p>\u00ab\u2009L\u2019appartement a \u00e9t\u00e9 fortement impact\u00e9\u2009\u00bb<\/p>\n<p class=\" wall-content\">Il \u00e9tait 6h30 ce mercredi matin quand l\u2019appartement d\u2019une femme de 92\u00a0ans, situait au <strong>premier \u00e9tage d\u2019une r\u00e9sidence<\/strong>, est vis\u00e9e par un tir de mortier. Selon les marins-pompiers, la retrait\u00e9e, \u00ab\u2009choqu\u00e9e\u2009\u00bb, a \u00e9t\u00e9 transport\u00e9e \u00e0 l\u2019h\u00f4pital par pr\u00e9caution. Et notamment pour v\u00e9rifier si elle n\u2019a pas \u00e9t\u00e9 affect\u00e9e par l\u2019effet de \u00ab\u2009blast\u2009\u00bb, ou de souffle.<\/p>\n<p class=\" wall-content\">Pr\u00e9sent sur place, Blaise Rosato nous r\u00e9v\u00e8le que l\u2019appartement a \u00e9t\u00e9 \u00ab\u2009fortement impact\u00e9\u2009\u00bb par le tir de mortier et qu\u2019une \u00ab\u2009forte odeur de poudre\u2009\u00bb s\u2019en d\u00e9gageait. \u00ab\u2009La boule de feu est pass\u00e9e par la baie vitr\u00e9e qui \u00e9tait rest\u00e9e ouverte\u2009\u00bb. Au moment du tir, la nonag\u00e9naire se trouvait dans sa chambre.<\/p>\n<p>    <a href=\"https:\/\/www.facebook.com\/plugins\/post.php?href=https%3A%2F%2Fwww.facebook.com%2Fblaise.rosato%2Fposts%2Fpfbid02iygoR7rksDiCzFnoGqyhnnuFxMTXiRgfEX9ZY7nH4UTx3ZW72qPsC3MxnNLo9k2Zl&amp;show_text=true&amp;width=350\" title=\"Ouvrie le lien\" rel=\"nofollow noopener\" target=\"_blank\">Cliquez ici pour visualiser le contenu<\/a><\/p>\n<p class=\" wall-content\"><strong>\u00ab\u2009Le s\u00e9jour a \u00e9t\u00e9 partiellement d\u00e9truit\u2009\u00bb<\/strong>, poursuit l\u2019\u00e9lu, avec notamment un \u00ab\u2009mur en carreaux de pl\u00e2tre qui a \u00e9t\u00e9 un peu fendu\u2009\u00bb.<\/p>\n<p class=\" wall-content\">Selon nos informations, un ing\u00e9nieur de la Ville de Marseille, qui s\u2019est \u00e9galement rendu sur place, n\u2019aurait identifi\u00e9 aucun risque structurel dans l\u2019immeuble. Le bailleur social, Habitat Marseille Provence, devra remettre l\u2019appartement en \u00e9tat.<\/p>\n<p>Aucune piste solide<\/p>\n<p class=\" wall-content\">Accident ou tir volontaire en direction de ce logement\u2009? Il semble encore trop t\u00f4t pour en \u00eatre certain. \u00ab\u2009Au moins <strong>deux ou trois personnes seraient impliqu\u00e9es<\/strong>\u2009\u00bb, assure Blaise Rosato qui explique que l\u2019enqu\u00eate \u2013 confi\u00e9e \u00e0 la Division Sud \u2013 n\u2019en est qu\u2019\u00e0 ses d\u00e9buts. La police s\u2019est rendue sur place pour les constatations d\u2019usage.<\/p>\n<p class=\" wall-content\">L\u2019\u00e9lu ajoute qu\u2019une \u00ab\u2009cam\u00e9ra de surveillance se trouve juste \u00e0 c\u00f4t\u00e9 de la r\u00e9sidence\u2009\u00bb. Elle devrait donc permettre d\u2019aider les enqu\u00eateurs \u00e0 faire toute la lumi\u00e8re sur cette histoire.<\/p>\n<p class=\" wall-content\">Un <strong>arr\u00eat\u00e9 pr\u00e9fectoral<\/strong> a \u00e9t\u00e9 pris le 18\u00a0juillet dernier pour \u00ab\u2009interdire la vente, le transport et le port d\u2019artifices de divertissement dans les 8e, 9e et 10e arrondissements\u2009\u00bb.<\/p>\n<p class=\" wall-content\">Il est toujours en vigueur.<\/p>\n<p class=\" wall-content\">Suivez toute l\u2019actualit\u00e9 de vos villes et m\u00e9dias favoris en vous inscrivant \u00e0 <a href=\"https:\/\/moncompte.actu.fr\" title=\"D\u00e9couvez Mon Actu\" rel=\"nofollow noopener\" data-trk=\"{&quot;cta&quot;:{&quot;action&quot;:&quot;https:\\\/\\\/moncompte.actu.fr&quot;,&quot;category&quot;:&quot;mon compte&quot;,&quot;from&quot;:&quot;article footer&quot;,&quot;name&quot;:&quot;Mon actu&quot;,&quot;type&quot;:&quot;cta&quot;}}\" target=\"_blank\">Mon Actu<\/a>.<\/p>\n","protected":false},"excerpt":{"rendered":"Par Thibault Nadal Publi\u00e9 le 13 ao\u00fbt 2025 \u00e0 14h47 Un nouvel \u00e9pisode dans cette probl\u00e9matique r\u00e9currente \u00e0&hellip;\n","protected":false},"author":2,"featured_media":316381,"comment_status":"","ping_status":"","sticky":false,"template":"","format":"standard","meta":{"footnotes":""},"categories":[2814],"tags":[1111,11,1777,674,1011,27,884,12,1072,882,25,104],"class_list":{"0":"post-316380","1":"post","2":"type-post","3":"status-publish","4":"format-standard","5":"has-post-thumbnail","7":"category-marseille","8":"tag-actu","9":"tag-actualites","10":"tag-eu","11":"tag-europe","12":"tag-fr","13":"tag-france","14":"tag-marseille","15":"tag-news","16":"tag-police","17":"tag-provence-alpes-cote-dazur","18":"tag-republique-francaise","19":"tag-societe"},"share_on_mastodon":{"url":"https:\/\/pubeurope.com\/@fr\/115021786940627100","error":""},"_links":{"self":[{"href":"https:\/\/www.europesays.com\/fr\/wp-json\/wp\/v2\/posts\/316380","targetHints":{"allow":["GET"]}}],"collection":[{"href":"https:\/\/www.europesays.com\/fr\/wp-json\/wp\/v2\/posts"}],"about":[{"href":"https:\/\/www.europesays.com\/fr\/wp-json\/wp\/v2\/types\/post"}],"author":[{"embeddable":true,"href":"https:\/\/www.europesays.com\/fr\/wp-json\/wp\/v2\/users\/2"}],"replies":[{"embeddable":true,"href":"https:\/\/www.europesays.com\/fr\/wp-json\/wp\/v2\/comments?post=316380"}],"version-history":[{"count":0,"href":"https:\/\/www.europesays.com\/fr\/wp-json\/wp\/v2\/posts\/316380\/revisions"}],"wp:featuredmedia":[{"embeddable":true,"href":"https:\/\/www.europesays.com\/fr\/wp-json\/wp\/v2\/media\/316381"}],"wp:attachment":[{"href":"https:\/\/www.europesays.com\/fr\/wp-json\/wp\/v2\/media?parent=316380"}],"wp:term":[{"taxonomy":"category","embeddable":true,"href":"https:\/\/www.europesays.com\/fr\/wp-json\/wp\/v2\/categories?post=316380"},{"taxonomy":"post_tag","embeddable":true,"href":"https:\/\/www.europesays.com\/fr\/wp-json\/wp\/v2\/tags?post=316380"}],"curies":[{"name":"wp","href":"https:\/\/api.w.org\/{rel}","templated":true}]}}