{"id":316382,"date":"2025-08-13T13:52:15","date_gmt":"2025-08-13T13:52:15","guid":{"rendered":"https:\/\/www.europesays.com\/fr\/316382\/"},"modified":"2025-08-13T13:52:15","modified_gmt":"2025-08-13T13:52:15","slug":"edon-zhegrova-veut-signer-a-marseille","status":"publish","type":"post","link":"https:\/\/www.europesays.com\/fr\/316382\/","title":{"rendered":"Edon Zhegrova veut signer \u00e0 Marseille"},"content":{"rendered":"<p style=\"text-align: justify;\"><strong>TRANSFERTS LOSC \u2013 Selon <a href=\"https:\/\/www.footmercato.net\/a2346011095675192383-lom-a-entame-des-discussions-avec-le-losc-pour-edon-zhegrova\" target=\"_blank\" rel=\"noopener\">Foot Mercato<\/a>, l\u2019OM a entam\u00e9 des discussions avec le LOSC pour recruter Edon Zhegrova.<\/strong><\/p>\n<p style=\"text-align: justify;\">L\u2019<strong>Olympique de Marseille<\/strong> a d\u00e9j\u00e0 bien recrut\u00e9 dans le secteur offensif avec les arriv\u00e9es de <strong>Pierre-Emerick<\/strong> <strong>Aubameyang<\/strong>, <strong>Timothy Weah<\/strong> ou encore <strong>Igor Paixao<\/strong>. Alors que l\u2019on pensait que les Olympiens avaient termin\u00e9 leur recrutement dans ce secteur, un ailier serait toujours recherch\u00e9. Il faut dire que <strong>Jonathan<\/strong> <strong>Rowe<\/strong> pourrait quitter le club.<\/p>\n<p>Le LOSC et l\u2019OM discutent pour Edon Zhegrova<\/p>\n<p style=\"text-align: justify;\"><strong>Medhi<\/strong> <strong>Benatia<\/strong> a notamment pris des renseignements pour <strong>Amine<\/strong> <strong>Adli<\/strong>, mais le <strong>Marocain<\/strong> devrait finalement rejoindre <strong>Bournemouth.<\/strong> Mais ces derni\u00e8res heures, les dirigeants olympiens ont acc\u00e9l\u00e9r\u00e9 sur le dossier <strong>Edon<\/strong>\u00a0<strong>Zhegrova<\/strong>. Si le joueur kosovar a r\u00e9int\u00e9gr\u00e9 le groupe de <strong>Bruno<\/strong> <strong>G\u00e9n\u00e9sio<\/strong>, un d\u00e9part cet \u00e9t\u00e9 est toujours une possibilit\u00e9.<\/p>\n<p style=\"text-align: justify;\">L\u2019<strong>Olympique de Marseille<\/strong> aurait propos\u00e9 un pr\u00eat avec option d\u2019achat obligatoire au <strong>LOSC<\/strong>, qui se laisse le temps de la r\u00e9flexion. <strong>Edon<\/strong> <strong>Zhegrova<\/strong> aurait lui d\u00e9j\u00e0 fait part de ses envies : il veut rejoindre l\u2019<strong>OM<\/strong>. Le milieu offensif est donc dans l\u2019attente qu\u2019un accord soit trouv\u00e9 entre les deux clubs et si ce n\u2019est pas le cas, il ira probablement au terme de son contrat \u00e0 <strong>Lille<\/strong>.<\/p>\n<p>\u00c0 ce sujet<br \/>\n<a href=\"https:\/\/dicodusport.fr\/blog\/mercato-om-2025-2026-le-tableau-complet-des-transferts-arrivees-et-departs\/\" class=\"vlp-link\" title=\"Mercato OM 2025-2026 : Le tableau complet des transferts, arriv\u00e9es et d\u00e9parts\" target=\"_blank\" rel=\"noopener\"><img loading=\"lazy\" decoding=\"async\" style=\"max-width: 792px;\" width=\"792\" height=\"445\" class=\"attachment-800x445 size-800x445 perfmatters-lazy\" alt=\"Mercato OM 2025-2026 Le tableau complet des transferts, arriv\u00e9es et d\u00e9parts\" src=\"https:\/\/www.europesays.com\/fr\/wp-content\/uploads\/2025\/08\/Mercato-OM-2025-2026-Le-tableau-complet-des-transferts-arrivees-et-departs.png\"  data-\/><\/p>\n<p>Mercato OM 2025-2026 : Le tableau complet des transferts, arriv\u00e9es et d\u00e9parts<\/p>\n<p>TRANSFERTS OM &#8211; Retrouvez tous les mouvements de l&rsquo;Olympique de Marseille pour l&rsquo;intersaison 2025 en Ligue 1. Arriv\u00e9es, d\u00e9part, pr\u00eats, transferts d\u00e9finitifs, ne ratez rien du mercato estival.\u00a0<\/p>\n<p>Lire l&rsquo;article<\/p>\n<p>dicodusport.fr<\/p>\n","protected":false},"excerpt":{"rendered":"TRANSFERTS LOSC \u2013 Selon Foot Mercato, l\u2019OM a entam\u00e9 des discussions avec le LOSC pour recruter Edon Zhegrova.&hellip;\n","protected":false},"author":2,"featured_media":316383,"comment_status":"","ping_status":"","sticky":false,"template":"","format":"standard","meta":{"footnotes":""},"categories":[2814],"tags":[1111,11,2113,1777,674,1011,27,66,884,12,149,882,25],"class_list":{"0":"post-316382","1":"post","2":"type-post","3":"status-publish","4":"format-standard","5":"has-post-thumbnail","7":"category-marseille","8":"tag-actu","9":"tag-actualites","10":"tag-breve","11":"tag-eu","12":"tag-europe","13":"tag-fr","14":"tag-france","15":"tag-ligue-1","16":"tag-marseille","17":"tag-news","18":"tag-om","19":"tag-provence-alpes-cote-dazur","20":"tag-republique-francaise"},"share_on_mastodon":{"url":"https:\/\/pubeurope.com\/@fr\/115021790873432200","error":""},"_links":{"self":[{"href":"https:\/\/www.europesays.com\/fr\/wp-json\/wp\/v2\/posts\/316382","targetHints":{"allow":["GET"]}}],"collection":[{"href":"https:\/\/www.europesays.com\/fr\/wp-json\/wp\/v2\/posts"}],"about":[{"href":"https:\/\/www.europesays.com\/fr\/wp-json\/wp\/v2\/types\/post"}],"author":[{"embeddable":true,"href":"https:\/\/www.europesays.com\/fr\/wp-json\/wp\/v2\/users\/2"}],"replies":[{"embeddable":true,"href":"https:\/\/www.europesays.com\/fr\/wp-json\/wp\/v2\/comments?post=316382"}],"version-history":[{"count":0,"href":"https:\/\/www.europesays.com\/fr\/wp-json\/wp\/v2\/posts\/316382\/revisions"}],"wp:featuredmedia":[{"embeddable":true,"href":"https:\/\/www.europesays.com\/fr\/wp-json\/wp\/v2\/media\/316383"}],"wp:attachment":[{"href":"https:\/\/www.europesays.com\/fr\/wp-json\/wp\/v2\/media?parent=316382"}],"wp:term":[{"taxonomy":"category","embeddable":true,"href":"https:\/\/www.europesays.com\/fr\/wp-json\/wp\/v2\/categories?post=316382"},{"taxonomy":"post_tag","embeddable":true,"href":"https:\/\/www.europesays.com\/fr\/wp-json\/wp\/v2\/tags?post=316382"}],"curies":[{"name":"wp","href":"https:\/\/api.w.org\/{rel}","templated":true}]}}