{"id":316388,"date":"2025-08-13T13:56:09","date_gmt":"2025-08-13T13:56:09","guid":{"rendered":"https:\/\/www.europesays.com\/fr\/316388\/"},"modified":"2025-08-13T13:56:09","modified_gmt":"2025-08-13T13:56:09","slug":"premiers-cas-autochtones-observes-en-ile-de-france","status":"publish","type":"post","link":"https:\/\/www.europesays.com\/fr\/316388\/","title":{"rendered":"premiers cas autochtones observ\u00e9s en \u00cele-de-France"},"content":{"rendered":"\n<p class=\"article__paragraph  \">Pour la premi\u00e8re fois, des cas autochtones de <a href=\"https:\/\/www.lemonde.fr\/planete\/article\/2006\/06\/23\/des-biologistes-percent-les-secrets-de-la-virulence-du-west-nile-en-amerique-du-nord_787254_3244.html\" target=\"_blank\" rel=\"noopener nofollow\" title=\"Nouvelle fen\u00eatre\">fi\u00e8vre West Nile<\/a>, transmise par les moustiques, ont \u00e9t\u00e9 observ\u00e9s en \u00cele-de-France, ont annonc\u00e9 les autorit\u00e9s sanitaires, mercredi 13\u00a0ao\u00fbt, tandis que<a href=\"https:\/\/www.lemonde.fr\/sante\/article\/2025\/07\/16\/chikungunya-douze-foyers-de-transmission-identifies-en-metropole-sante-publique-france-alerte-sur-le-risque-d-epidemie_6621656_1651302.html\" target=\"_blank\" rel=\"noopener nofollow\" title=\"Nouvelle fen\u00eatre\"> des foyers de chikungunya se multiplient en m\u00e9tropole<\/a> \u00e0 un niveau particuli\u00e8rement \u00e9lev\u00e9. \u00ab\u00a0Deux cas autochtones d\u2019infection par le virus du Nil occidental \u2013 West Nile virus \u2013 ont \u00e9t\u00e9 d\u00e9tect\u00e9s chez des personnes r\u00e9sidant en Seine-Saint-Denis\u00a0\u00bb, <a href=\"https:\/\/www.iledefrance.ars.sante.fr\/virus-du-nil-occidental-west-nile-deux-cas-autochtones-confirmes-en-ile-de-france\" target=\"_blank\" rel=\"noopener nofollow\" title=\"Nouvelle fen\u00eatre\">r\u00e9sume l\u2019agence r\u00e9gionale de sant\u00e9 d\u2019\u00cele-de-France dans un communiqu\u00e9<\/a>. \u00ab\u00a0Il s\u2019agit des premi\u00e8res identifications de transmission locale vectorielle du virus West Nile en \u00cele-de-France.\u00a0\u00bb<\/p>\n<p class=\"article__paragraph  \">Ce virus se transmet par les piq\u00fbres de moustiques. Mais, contrairement au chikungunya ou \u00e0 la dengue, ce n\u2019est pas le moustique tigre qui est en cause, mais le genre Culex, bien plus r\u00e9pandu en m\u00e9tropole. Autre diff\u00e9rence avec ces deux autres maladies, la fi\u00e8vre West Nile n\u2019est pas transmise d\u2019un humain \u00e0 l\u2019autre par le moustique, mais par un oiseau infect\u00e9.<\/p>\n<p class=\"article__paragraph  \">L\u2019infection est g\u00e9n\u00e9ralement sans sympt\u00f4me, mais dans environ un cinqui\u00e8me des cas elle donne lieu \u00e0 un \u00e9tat grippal. Dans moins de 1\u00a0% des cas, de graves complications peuvent appara\u00eetre, entra\u00eenant parfois la mort.<\/p>\n<p>              Des cas dans le Sud              <\/p>\n<p class=\"article__paragraph  \">Des cas autochtones \u2013 c\u2019est-\u00e0-dire r\u00e9sultant d\u2019une contamination sur place \u2013 ont d\u00e9j\u00e0 \u00e9t\u00e9 signal\u00e9s en m\u00e9tropole les ann\u00e9es pr\u00e9c\u00e9dentes \u2013 une quarantaine en\u00a02024 \u2013 mais jamais aussi au nord. Cet \u00e9t\u00e9, \u00e0 part les deux cas franciliens, cinq autres cas autochtones ont \u00e9t\u00e9 enregistr\u00e9s dans le Sud, en Provence-Alpes-C\u00f4te d\u2019Azur, <a href=\"https:\/\/www.santepubliquefrance.fr\/maladies-et-traumatismes\/maladies-a-transmission-vectorielle\/chikungunya\/documents\/bulletin-national\/chikungunya-dengue-et-zika-en-france-hexagonale.-bulletin-de-la-surveillance-renforcee-du-12-aout-2025\" target=\"_blank\" rel=\"noopener nofollow\" title=\"Nouvelle fen\u00eatre\">a pr\u00e9cis\u00e9 l\u2019agence nationale Sant\u00e9 publique France (SPF) dans un autre bilan, publi\u00e9 mercredi.<\/a><\/p>\n<p class=\"article__paragraph  \">SPF continue par ailleurs \u00e0 suivre chaque semaine l\u2019\u00e9volution des cas autochtones de chikungunya en m\u00e9tropole. Ils sont, cet \u00e9t\u00e9, \u00e0 un niveau particuli\u00e8rement \u00e9lev\u00e9, apr\u00e8s une \u00e9pid\u00e9mie \u00e0 La R\u00e9union qui a facilit\u00e9 l\u2019importation du virus. D\u00e9sormais, \u00ab\u00a023 \u00e9pisodes de chikungunya totalisant 115 cas [avec] un \u00e0 vingt-trois cas par \u00e9pisode\u00a0\u00bb ont \u00e9t\u00e9 comptabilis\u00e9s en m\u00e9tropole, selon SPF, pr\u00e9cisant que six de ces \u00e9pisodes sont clos. La semaine pr\u00e9c\u00e9dente, le bilan s\u2019inscrivait \u00e0 16\u00a0foyers pour 63\u00a0cas, un niveau d\u00e9j\u00e0 in\u00e9dit. Pour ce qui est de la dengue, 6\u00a0foyers ont \u00e9t\u00e9 recens\u00e9s pour un total de 11\u00a0cas.<\/p>\n<p class=\"article__paragraph  \">La transmission de la dengue et du chikungunya en m\u00e9tropole est une cons\u00e9quence de l\u2019implantation du moustique tigre. Celui-ci \u00e9tait encore absent de la m\u00e9tropole voici quelques d\u00e9cennies, mais il s\u2019y est d\u00e9sormais largement install\u00e9, sur fond de r\u00e9chauffement climatique.<\/p>\n<p>                                 Lire aussi |  Article r\u00e9serv\u00e9 \u00e0 nos abonn\u00e9s  <a href=\"https:\/\/www.lemonde.fr\/sciences\/article\/2025\/08\/13\/a-la-reunion-la-crainte-des-malades-d-etre-confrontes-a-un-chikungunya-long_6628850_1650684.html\" class=\"js-article-read-also catcher--favoris__link\" data-premium=\"1\" id=\"article-title-3430442\" rel=\"nofollow noopener\" target=\"_blank\">A La\u00a0R\u00e9union, la crainte des malades d\u2019\u00eatre confront\u00e9s \u00e0\u00a0un \u00ab\u00a0chikungunya long\u00a0\u00bb<\/a>    <\/p>\n<p>   Lire plus tard  <\/p>\n<p class=\"author__detail\">  Le Monde avec AFP  <\/p>\n<p>                  <a href=\"https:\/\/www.lemonde.fr\/syndication\/\" class=\"reuse__content\" title=\"R\u00e9utiliser ce contenu\" target=\"_blank\" rel=\"nofollow noopener\">R\u00e9utiliser ce contenu<\/a>      <\/p>\n","protected":false},"excerpt":{"rendered":"Pour la premi\u00e8re fois, des cas autochtones de fi\u00e8vre West Nile, transmise par les moustiques, ont \u00e9t\u00e9 observ\u00e9s&hellip;\n","protected":false},"author":2,"featured_media":270006,"comment_status":"","ping_status":"","sticky":false,"template":"","format":"standard","meta":{"footnotes":""},"categories":[1592],"tags":[1111,11,1777,674,1011,27,662,12,626,25],"class_list":{"0":"post-316388","1":"post","2":"type-post","3":"status-publish","4":"format-standard","5":"has-post-thumbnail","7":"category-ile-de-france","8":"tag-actu","9":"tag-actualites","10":"tag-eu","11":"tag-europe","12":"tag-fr","13":"tag-france","14":"tag-ile-de-france","15":"tag-news","16":"tag-paris","17":"tag-republique-francaise"},"share_on_mastodon":{"url":"https:\/\/pubeurope.com\/@fr\/115021806583372957","error":""},"_links":{"self":[{"href":"https:\/\/www.europesays.com\/fr\/wp-json\/wp\/v2\/posts\/316388","targetHints":{"allow":["GET"]}}],"collection":[{"href":"https:\/\/www.europesays.com\/fr\/wp-json\/wp\/v2\/posts"}],"about":[{"href":"https:\/\/www.europesays.com\/fr\/wp-json\/wp\/v2\/types\/post"}],"author":[{"embeddable":true,"href":"https:\/\/www.europesays.com\/fr\/wp-json\/wp\/v2\/users\/2"}],"replies":[{"embeddable":true,"href":"https:\/\/www.europesays.com\/fr\/wp-json\/wp\/v2\/comments?post=316388"}],"version-history":[{"count":0,"href":"https:\/\/www.europesays.com\/fr\/wp-json\/wp\/v2\/posts\/316388\/revisions"}],"wp:featuredmedia":[{"embeddable":true,"href":"https:\/\/www.europesays.com\/fr\/wp-json\/wp\/v2\/media\/270006"}],"wp:attachment":[{"href":"https:\/\/www.europesays.com\/fr\/wp-json\/wp\/v2\/media?parent=316388"}],"wp:term":[{"taxonomy":"category","embeddable":true,"href":"https:\/\/www.europesays.com\/fr\/wp-json\/wp\/v2\/categories?post=316388"},{"taxonomy":"post_tag","embeddable":true,"href":"https:\/\/www.europesays.com\/fr\/wp-json\/wp\/v2\/tags?post=316388"}],"curies":[{"name":"wp","href":"https:\/\/api.w.org\/{rel}","templated":true}]}}