{"id":316391,"date":"2025-08-13T13:58:14","date_gmt":"2025-08-13T13:58:14","guid":{"rendered":"https:\/\/www.europesays.com\/fr\/316391\/"},"modified":"2025-08-13T13:58:14","modified_gmt":"2025-08-13T13:58:14","slug":"decouvrez-les-toits-terrasses-de-paris-sous-un-nouveau-jour","status":"publish","type":"post","link":"https:\/\/www.europesays.com\/fr\/316391\/","title":{"rendered":"d\u00e9couvrez les toits-terrasses de Paris sous un nouveau jour"},"content":{"rendered":"<p class=\"p1\">Que faire de nos toits ? C\u2019est la question derri\u00e8re les Rooftop Days, un \u00e9v\u00e9nement qui encourage la r\u00e9flexion autour de l\u2019utilisation des toits des grandes villes. Un sujet particuli\u00e8rement br\u00fblant \u00e0 Paris, l\u2019une des villes les plus dens\u00e9ment peupl\u00e9es du monde. <\/p>\n<p class=\"p1\">La bonne nouvelle, c\u2019est qu\u2019avec 12,5 millions de m\u00b2 de toitures plates de plus de 50 m\u00b2, Paris dispose de l\u2019\u00e9quivalent de 1 000 terrains de football \u00e0 utiliser. Des professionnels y r\u00e9fl\u00e9chiront lors du premier jour des Rooftop Days le 26 septembre, avec des tables rondes autour de la v\u00e9g\u00e9talisation, la gestion optimis\u00e9e des eaux, les syst\u00e8mes d\u2019\u00e9nergie renouvelables, les espaces partag\u00e9s de vie\u2026<\/p>\n<p class=\"p1\">Le samedi 27 et le dimanche 28 septembre, ce sera au tour du public de go\u00fbter \u00e0 ces espaces en altitude avec une douzaine de <a href=\"https:\/\/www.timeout.fr\/paris\/bar\/rooftops\" target=\"_blank\" rel=\"noopener\">toits-terrasses<\/a> qui accueilleront des animations sur le th\u00e8me \u201cBouger, s\u2019a\u00e9rer\u201d. Au programme, des cours de sport (<a href=\"https:\/\/www.timeout.fr\/paris\/sport\/les-meilleurs-cours-de-yoga-a-paris\" target=\"_blank\" rel=\"noopener\">yoga<\/a>, capoeira, Pilates, shiatsu\u2026), des ateliers de jardinage, des animations pour les familles et m\u00eame une silent disco, tout \u00e7a avec des vues imbattables sur la ville.<\/p>\n<p class=\"p1\">Certains des plus beaux rooftops de Paris participent \u00e0 l\u2019op\u00e9ration comme l\u2019Op\u00e9ra Bastille, Molitor, le Novotel Montparnasse, la Seine Musicale ou encore le Mama Shelter (East &amp; West), mais aussi des b\u00e2timents qu\u2019on ne visite pas souvent comme l\u2019\u00eelot Saint Germain, Paristech, les Ateliers Vaugirard ou la ferme urbaine de lavande du 16e arrondissement, Aroma Toit.\u00a0Et\u00a0si vous n&rsquo;avez pas envie de transpirer, vous pouvez aussi\u00a0simplement imaginer le futur depuis le bar.<\/p>\n<p class=\"p2\"><strong>Quand ?<\/strong> 27 et 28 septembre.<br \/><strong>O\u00f9 ?<\/strong> sur des rooftops partout dans Paris.<br \/><strong>Combien ?<\/strong> Billet rooftop\/bar : 3 \u20ac. Billet activit\u00e9 : 6 \u20ac. <a href=\"https:\/\/parisrooftopdays.com\/programme-et-billetterie\/#rooftops\" target=\"_blank\" rel=\"noopener\">Billetterie \u00e0 venir ici<\/a>.<\/p>\n","protected":false},"excerpt":{"rendered":"Que faire de nos toits ? C\u2019est la question derri\u00e8re les Rooftop Days, un \u00e9v\u00e9nement qui encourage la&hellip;\n","protected":false},"author":2,"featured_media":316392,"comment_status":"","ping_status":"","sticky":false,"template":"","format":"standard","meta":{"footnotes":""},"categories":[1888],"tags":[1111,1928,11,1927,17962,4572,1777,674,1011,27,12,1926,626,1925,3907,25],"class_list":{"0":"post-316391","1":"post","2":"type-post","3":"status-publish","4":"format-standard","5":"has-post-thumbnail","7":"category-paris","8":"tag-actu","9":"tag-actu-paris","10":"tag-actualites","11":"tag-actualites-paris","12":"tag-actualites-evenements-festivals","13":"tag-categories-que-faire","14":"tag-eu","15":"tag-europe","16":"tag-fr","17":"tag-france","18":"tag-news","19":"tag-news-paris","20":"tag-paris","21":"tag-paris-news","22":"tag-que-faire","23":"tag-republique-francaise"},"share_on_mastodon":{"url":"https:\/\/pubeurope.com\/@fr\/115021814431610177","error":""},"_links":{"self":[{"href":"https:\/\/www.europesays.com\/fr\/wp-json\/wp\/v2\/posts\/316391","targetHints":{"allow":["GET"]}}],"collection":[{"href":"https:\/\/www.europesays.com\/fr\/wp-json\/wp\/v2\/posts"}],"about":[{"href":"https:\/\/www.europesays.com\/fr\/wp-json\/wp\/v2\/types\/post"}],"author":[{"embeddable":true,"href":"https:\/\/www.europesays.com\/fr\/wp-json\/wp\/v2\/users\/2"}],"replies":[{"embeddable":true,"href":"https:\/\/www.europesays.com\/fr\/wp-json\/wp\/v2\/comments?post=316391"}],"version-history":[{"count":0,"href":"https:\/\/www.europesays.com\/fr\/wp-json\/wp\/v2\/posts\/316391\/revisions"}],"wp:featuredmedia":[{"embeddable":true,"href":"https:\/\/www.europesays.com\/fr\/wp-json\/wp\/v2\/media\/316392"}],"wp:attachment":[{"href":"https:\/\/www.europesays.com\/fr\/wp-json\/wp\/v2\/media?parent=316391"}],"wp:term":[{"taxonomy":"category","embeddable":true,"href":"https:\/\/www.europesays.com\/fr\/wp-json\/wp\/v2\/categories?post=316391"},{"taxonomy":"post_tag","embeddable":true,"href":"https:\/\/www.europesays.com\/fr\/wp-json\/wp\/v2\/tags?post=316391"}],"curies":[{"name":"wp","href":"https:\/\/api.w.org\/{rel}","templated":true}]}}