{"id":31640,"date":"2025-04-17T12:19:11","date_gmt":"2025-04-17T12:19:11","guid":{"rendered":"https:\/\/www.europesays.com\/fr\/31640\/"},"modified":"2025-04-17T12:19:11","modified_gmt":"2025-04-17T12:19:11","slug":"mercato-montpellier-sur-la-pepite-bresilienne-ryan-francisco","status":"publish","type":"post","link":"https:\/\/www.europesays.com\/fr\/31640\/","title":{"rendered":"[Mercato] Montpellier sur la p\u00e9pite br\u00e9silienne Ryan Francisco ?"},"content":{"rendered":"<p>La p\u00e9riode des rumeurs mercato est belle et bien lanc\u00e9e. D\u2019apr\u00e8s le journaliste br\u00e9silien de ESPN Eduardo Affonso, le MHSC observerait de pr\u00e8s les performances du jeune avant-centre Ryan Francisco. Ce dernier est un joueur de 18 ans (2006) qui \u00e9volue au Sao Paulo FC en premi\u00e8re division br\u00e9silienne, \u00e9quipe avec laquelle il a effectu\u00e9 ses d\u00e9buts en professionnel en d\u00e9cembre dernier. Depuis, il n\u2019a pris part qu\u2019\u00e0 3 petits bouts de matchs de S\u00e9rie A Br\u00e9silienne.<\/p>\n<p><img loading=\"lazy\" title=\"image | AllezPaillade.com\" decoding=\"async\" width=\"1024\" height=\"682\" src=\"https:\/\/www.europesays.com\/fr\/wp-content\/uploads\/2025\/04\/image-6-1024x682.png\" alt=\"\" class=\"wp-image-167272\"  \/>Cr\u00e9dits TNT Sports<\/p>\n<p>Il est cependant vu comme un \u00e9norme espoir dans son pays et ses statistiques en jeune ne peuvent que le prouver. Avec les U20 du SPFC, il a inscrit 25 buts et 32 rencontres TCC. Il a notamment particip\u00e9 \u00e0 la Copinha, l\u2019\u00e9quivalent br\u00e9silien de la Coupe Gambardella, o\u00f9 il a marqu\u00e9 10 buts en 8 matchs cette ann\u00e9e. Il a \u00e9galement remport\u00e9 la Coupe de Sao Paulo U20 il y a peu, en terminant meilleur buteur de la comp\u00e9tition.<\/p>\n<p>En s\u00e9lection, il n\u2019a connu pour l\u2019instant que l\u2019\u00e9quipe U17 du Br\u00e9sil \u00e0 une reprise, mais ses performances sont tr\u00e8s remarqu\u00e9es dans le pays de Pel\u00e9. Des repr\u00e9sentants du PSG, de l\u2019OM et donc du MHSC \u00e9taient pr\u00e9sents au stade MorumBis pour y rencontrer les proches du jeune br\u00e9silien et le voir entrer contre Cruzeiro \u00e0 17 minutes de la fin du match.<\/p>\n<p>Cet int\u00e9r\u00eat de Montpellier pour Ryan Francisco est confirm\u00e9 par Mohamed Toubache-Ter sur Twitter. L\u2019attaquant est \u00e9valu\u00e9 \u00e0 4 M\u20ac sur Transfermarkt et a d\u00e9j\u00e0 rejoint la prestigieuse agence Roc Nation Sports, agence qui s\u2019occupe notamment de Vinicius, De Bruyne ou encore du prodige Endrick.<\/p>\n<p>Montpellier aura t\u2019il les arguments et les finances pour r\u00e9aliser un tel coup ? Affaire \u00e0 suivre\u2026<\/p>\n<blockquote class=\"twitter-tweet\">\n<p lang=\"pt\" dir=\"ltr\">Representantes de tr\u00eas times franceses ( PSG, Olimpique de Marseille e Montpellier ) est\u00e3o num camarote aqui no MorumBis com o Staff de Ryan Francisco. A expectativa \u00e9 ver o atacante em a\u00e7\u00e3o neste segundo tempo do jogo contra o Cruzeiro. <a href=\"https:\/\/twitter.com\/hashtag\/ESPN?src=hash&amp;ref_src=twsrc%5Etfw\" rel=\"nofollow noopener\" target=\"_blank\">#ESPN<\/a> <a href=\"https:\/\/twitter.com\/hashtag\/SPFC?src=hash&amp;ref_src=twsrc%5Etfw\" rel=\"nofollow noopener\" target=\"_blank\">#SPFC<\/a><\/p>\n<p>\u2014 Eduardo Affonso (@eduaffonsoespn) <a href=\"https:\/\/twitter.com\/eduaffonsoespn\/status\/1911540230546767963?ref_src=twsrc%5Etfw\" rel=\"nofollow noopener\" target=\"_blank\">April 13, 2025<\/a><\/p>\n<\/blockquote>\n<p>  <script async src=\"https:\/\/platform.twitter.com\/widgets.js\" charset=\"utf-8\"><\/script><\/p>\n","protected":false},"excerpt":{"rendered":"La p\u00e9riode des rumeurs mercato est belle et bien lanc\u00e9e. D\u2019apr\u00e8s le journaliste br\u00e9silien de ESPN Eduardo Affonso,&hellip;\n","protected":false},"author":2,"featured_media":31641,"comment_status":"","ping_status":"","sticky":false,"template":"","format":"standard","meta":{"footnotes":""},"categories":[9599],"tags":[328,1111,11,1777,674,1011,27,1434,2208,12,2680,25],"class_list":{"0":"post-31640","1":"post","2":"type-post","3":"status-publish","4":"format-standard","5":"has-post-thumbnail","7":"category-montpellier","8":"tag-a-la-une","9":"tag-actu","10":"tag-actualites","11":"tag-eu","12":"tag-europe","13":"tag-fr","14":"tag-france","15":"tag-mercato","16":"tag-montpellier","17":"tag-news","18":"tag-occitanie","19":"tag-republique-francaise"},"share_on_mastodon":{"url":"https:\/\/pubeurope.com\/@fr\/114353272431792745","error":""},"_links":{"self":[{"href":"https:\/\/www.europesays.com\/fr\/wp-json\/wp\/v2\/posts\/31640","targetHints":{"allow":["GET"]}}],"collection":[{"href":"https:\/\/www.europesays.com\/fr\/wp-json\/wp\/v2\/posts"}],"about":[{"href":"https:\/\/www.europesays.com\/fr\/wp-json\/wp\/v2\/types\/post"}],"author":[{"embeddable":true,"href":"https:\/\/www.europesays.com\/fr\/wp-json\/wp\/v2\/users\/2"}],"replies":[{"embeddable":true,"href":"https:\/\/www.europesays.com\/fr\/wp-json\/wp\/v2\/comments?post=31640"}],"version-history":[{"count":0,"href":"https:\/\/www.europesays.com\/fr\/wp-json\/wp\/v2\/posts\/31640\/revisions"}],"wp:featuredmedia":[{"embeddable":true,"href":"https:\/\/www.europesays.com\/fr\/wp-json\/wp\/v2\/media\/31641"}],"wp:attachment":[{"href":"https:\/\/www.europesays.com\/fr\/wp-json\/wp\/v2\/media?parent=31640"}],"wp:term":[{"taxonomy":"category","embeddable":true,"href":"https:\/\/www.europesays.com\/fr\/wp-json\/wp\/v2\/categories?post=31640"},{"taxonomy":"post_tag","embeddable":true,"href":"https:\/\/www.europesays.com\/fr\/wp-json\/wp\/v2\/tags?post=31640"}],"curies":[{"name":"wp","href":"https:\/\/api.w.org\/{rel}","templated":true}]}}