{"id":316404,"date":"2025-08-13T14:05:24","date_gmt":"2025-08-13T14:05:24","guid":{"rendered":"https:\/\/www.europesays.com\/fr\/316404\/"},"modified":"2025-08-13T14:05:24","modified_gmt":"2025-08-13T14:05:24","slug":"lascension-methodique-de-lallemagne-au-sommet-de-la-defense-europeenne-en-2029","status":"publish","type":"post","link":"https:\/\/www.europesays.com\/fr\/316404\/","title":{"rendered":"l\u2019ascension m\u00e9thodique de l\u2019Allemagne au sommet de la d\u00e9fense europ\u00e9enne en 2029"},"content":{"rendered":"<p>En l\u2019espace de quelques ann\u00e9es, Berlin a engag\u00e9 une transformation de la Bundeswehr d\u2019une ampleur in\u00e9dite depuis la fin des ann\u00e9es 1950. Ce qui, au d\u00e9part, relevait d\u2019un rattrapage capacitaire apr\u00e8s des d\u00e9cennies de sous-investissement, s\u2019est progressivement mu\u00e9 en un projet coh\u00e9rent, structur\u00e9 et assum\u00e9 : faire de la mont\u00e9e en puissance des arm\u00e9es allemandes le socle d\u2019une ambition de leadership industrielle et europ\u00e9en.<\/p>\n<p>En effet, l\u2019Allemagne n\u2019entend plus seulement combler ses propres lacunes. En dimensionnant ses programmes et son industrie pour r\u00e9pondre aux besoins de l\u2019ensemble des arm\u00e9es europ\u00e9ennes, elle place sa base industrielle et technologique au centre de la cha\u00eene logistique et op\u00e9rationnelle du continent. Ce positionnement repose sur des investissements massifs, une anticipation fine des \u00e9volutions de march\u00e9 et une capacit\u00e9 \u00e0 nouer les partenariats n\u00e9cessaires dans les domaines o\u00f9 elle \u00e9tait encore en retard.<\/p>\n<p>Ainsi, l\u2019ambition nationale se double d\u00e9sormais d\u2019une strat\u00e9gie europ\u00e9enne explicite : devenir le pivot op\u00e9rationnel de la d\u00e9fense du continent et le leader technologique de son industrie d\u2019armement. La logique est simple mais implacable : r\u00e9pondre rapidement et massivement aux besoins exprim\u00e9s par les alli\u00e9s, imposer ses standards, et garantir sur plusieurs d\u00e9cennies la disponibilit\u00e9, l\u2019interop\u00e9rabilit\u00e9 et la comp\u00e9titivit\u00e9 des armements \u00ab made in Germany \u00bb au sein des arm\u00e9es europ\u00e9ennes.<\/p>\n<p>Cet article propose d\u2019examiner comment Berlin, en combinant vision strat\u00e9gique, puissance industrielle et opportunit\u00e9s g\u00e9opolitiques, est en train de s\u2019imposer comme l\u2019architecte de la future d\u00e9fense europ\u00e9enne.<\/p>\n<p>Un basculement budg\u00e9taire historique en faveur de la Bundeswehr<\/p>\n<p>Depuis 2020, l\u2019\u00e9volution des budgets de d\u00e9fense en Europe a marqu\u00e9 un tournant spectaculaire, au point de redessiner l\u2019\u00e9quilibre strat\u00e9gique du continent. En effet, alors que la France affichait encore un budget sup\u00e9rieur \u00e0 celui de l\u2019Allemagne en 2020 \u2013\u00a037,5 Md\u20ac contre 33,2 Md\u20ac\u00a0\u2013, Berlin a, en moins de cinq ans, non seulement combl\u00e9 l\u2019\u00e9cart, mais largement d\u00e9pass\u00e9 Paris. En 2025, le budget allemand atteint\u00a095 Md\u20ac, soit pr\u00e8s du double de celui de la France, qui plafonne \u00e0\u00a050,5 Md\u20ac\u00a0(<a href=\"https:\/\/www.overtdefense.com\/2025\/08\/11\/germanys-e108-2%E2%80%AFbillion-2026-defense-budget-setting-stage-for-historic-military-build-up\" target=\"_blank\" rel=\"noopener nofollow\">OvertDefense<\/a>).<\/p>\n<p><img fetchpriority=\"high\" decoding=\"async\" width=\"1000\" height=\"563\" src=\"data:image\/svg+xml,%3Csvg%20xmlns=\" http:=\"\" alt=\"Olaf Scholz Bundeswehr\" data-lazy- data-lazy- data-lazy-src=\"https:\/\/www.europesays.com\/fr\/wp-content\/uploads\/2025\/08\/csm_Scholz_Bundeswehr_320345105_7d8a9ad862.jpg\"\/><\/p>\n<p>la bundeswehr du patienter jusqu\u2019\u00e0 l\u2019offensive russe contre l\u2019ukraine en fevrier 2022 pour que les autorit\u00e9s du pays, et le chancelier Olaf Scholz, prennent effectivement la mesure du changement d\u2019\u00e9poque et des menaces.<\/p>\n<p>Cette dynamique r\u00e9sulte directement du tournant strat\u00e9gique annonc\u00e9 par Olaf Scholz en f\u00e9vrier 2022, connu sous le nom de\u00a0Zeitenwende, confirmant une augmentation massive et durable des cr\u00e9dits militaires (<a href=\"https:\/\/meta-defense.fr\/2024\/06\/19\/armees-allemandes-zeitenwende-budget\/\" rel=\"nofollow noopener\" target=\"_blank\">Meta-D\u00e9fense<\/a>). \u00c0 pr\u00e9sent, sous l\u2019influence des pressions am\u00e9ricaines et du nouveau chancelier Merz, l\u2019Allemagne pr\u00e9voit d\u2019atteindre\u00a0108,2 Md\u20ac en 2026, puis\u00a0161,8 Md\u20ac en 2029, soit une hausse de plus de 70 % par rapport \u00e0 2025, et de 387% par rapport \u00e0 2020. Ce chiffre place Berlin sur une trajectoire de r\u00e9armement sans pr\u00e9c\u00e9dent depuis son r\u00e9armement au debut des ann\u00e9es 1950.<\/p>\n<p>Par comparaison, la France, malgr\u00e9 sa\u00a0Loi de Programmation Militaire 2024-2030\u00a0ambitieuse, passerait de\u00a057,2 Md\u20ac en 2026\u00a0\u00e0\u00a072 Md\u20ac en 2029\u00a0(<a href=\"https:\/\/meta-defense.fr\/2025\/07\/15\/en-bref-lpm-2024-2030-296-md-scaf-f126\/\" rel=\"nofollow noopener\" target=\"_blank\">Meta-D\u00e9fense<\/a>). L\u2019\u00e9cart relatif entre les deux pays \u00e0 l\u2019horizon 2029 serait similaire \u00e0 celui s\u00e9parant aujourd\u2019hui la France des Pays-Bas. Comme le souligne l\u2019analyste Christian M\u00f6lling de la DGAP, \u00ab ce n\u2019est pas seulement une diff\u00e9rence de moyens, c\u2019est un changement de cat\u00e9gorie strat\u00e9gique pour l\u2019Allemagne \u00bb (<a href=\"https:\/\/dgap.org\/en\" target=\"_blank\" rel=\"noopener nofollow\">DGAP<\/a>).<\/p>\n<p><a href=\"https:\/\/play.google.com\/store\/apps\/details?id=appmetadefensefr.wpapp\" target=\"_blank\" rel=\"noopener nofollow\"><\/p>\n<p><img loading=\"lazy\" decoding=\"async\" width=\"728\" height=\"90\" src=\"data:image\/svg+xml,%3Csvg%20xmlns=\" http:=\"\" alt=\"Bandeau02 Allemagne | Alliances militaires | Analyses D\u00e9fense\" data-lazy- data-lazy- data-lazy-src=\"https:\/\/www.europesays.com\/fr\/wp-content\/uploads\/2025\/04\/Bandeau02.png\"\/><\/p>\n<p><\/a><\/p>\n<p>En cons\u00e9quence, Berlin se positionnera non seulement comme\u00a0premi\u00e8re puissance militaire europ\u00e9enne\u00a0en termes de budget, mais aussi comme\u00a0troisi\u00e8me puissance mondiale\u00a0derri\u00e8re les \u00c9tats-Unis et la Chine, devan\u00e7ant nettement la Russie, l\u2019Inde, l\u2019Arabie Saoudite et le Royaume-Uni. Une telle progression rebat les cartes de la hi\u00e9rarchie internationale et conf\u00e8re \u00e0 l\u2019Allemagne un poids politique accru au sein de l\u2019OTAN et de l\u2019Union europ\u00e9enne.<\/p>\n<p>Or, cette mont\u00e9e en puissance ne r\u00e9sulte pas d\u2019une simple conjoncture, mais bien d\u2019un choix strat\u00e9gique assum\u00e9. En allouant une part croissante de son PIB \u00e0 la d\u00e9fense \u2013 en s\u2019alignant sur l\u2019effort de d\u00e9fense de 3,5% PIB fix\u00e9 lors du sommet de l\u2019OTAN de La Haye \u2013 Berlin r\u00e9pond \u00e0 la fois \u00e0 la menace russe \u00e0 l\u2019Est et au d\u00e9sengagement progressif des \u00c9tats-Unis du th\u00e9\u00e2tre europ\u00e9en. Comme l\u2019a affirm\u00e9 le ministre de la D\u00e9fense Boris Pistorius, \u00ab l\u2019Allemagne doit redevenir capable de d\u00e9fendre non seulement son territoire, mais aussi ses alli\u00e9s \u00bb (<a href=\"https:\/\/www.defensenews.com\/global\/europe\/2024\/12\/01\/pistorius-germany-must-relearn-large-scale-defense\/\" target=\"_blank\" rel=\"noopener nofollow\">DefenseNews<\/a>).<\/p>\n<p>Par ailleurs, la structure de cette hausse budg\u00e9taire diff\u00e8re de celle observ\u00e9e dans d\u2019autres pays europ\u00e9ens. Alors que la France ou la Grande-Bretagne concentrent encore une large part de leurs cr\u00e9dits sur le maintien en condition op\u00e9rationnelle et les d\u00e9penses de personnel, l\u2019Allemagne a planifi\u00e9 une proportion croissante d\u2019investissements directs dans les \u00e9quipements et infrastructures. Cette orientation traduit une volont\u00e9 explicite de moderniser rapidement la Bundeswehr et d\u2019augmenter son interop\u00e9rabilit\u00e9 avec les forces alli\u00e9es.<\/p>\n<p>Ainsi, l\u2019\u00e9cart budg\u00e9taire croissant ne se limite pas \u00e0 un indicateur financier : il pr\u00e9figure un basculement du leadership militaire europ\u00e9en vers Berlin laiss\u00e9 par l\u2019inexorable retrait am\u00e9ricain. Et, compte tenu de la tendance, il sera d\u2019autant plus difficile pour les autres grandes nations europ\u00e9ennes de combler ce retard que l\u2019Allemagne b\u00e9n\u00e9ficie d\u00e9sormais d\u2019une dynamique industrielle et politique coh\u00e9rente avec ses ambitions.<\/p>\n<p>Une Bundeswehr r\u00e9arm\u00e9e mais sans explosion des effectifs<\/p>\n<p>Si le budget de la Bundeswehr va plus que quadrupler entre 2020 et 2029, cette mont\u00e9e en puissance ne se traduira pas par une augmentation proportionnelle des effectifs. En effet, selon les projections officielles et les sc\u00e9narios actuellement \u00e0 l\u2019\u00e9tude, les forces arm\u00e9es allemandes ne devraient cro\u00eetre que de 30 % dans l\u2019hypoth\u00e8se d\u2019une simple extension des forces actives et de la r\u00e9serve, et au maximum de 80 % en cas de r\u00e9introduction d\u2019une conscription \u00ab choisie \u00bb (<a href=\"https:\/\/meta-defense.fr\/2024\/06\/19\/armees-allemandes-zeitenwende-budget\/\" rel=\"nofollow noopener\" target=\"_blank\">Meta-D\u00e9fense<\/a>).<\/p>\n<p><img loading=\"lazy\" decoding=\"async\" width=\"1024\" height=\"576\" src=\"data:image\/svg+xml,%3Csvg%20xmlns=\" http:=\"\" alt=\"Eurofighter Luftwaffe\" data-lazy- data-lazy- data-lazy-src=\"https:\/\/www.europesays.com\/fr\/wp-content\/uploads\/2025\/08\/Eurofighter-Typhoon-de-la-Luftwaffe-en-patrouille.jpg\"\/><\/p>\n<p>si la trajectoire de croissance de la Deutsche Marine et de Das Heer ont dej\u00e0 \u00e9t\u00e9 \u00e9tablie, celle de la Luftwaffe reste encore floue, en partie en lien avec le statut incertain du programme SCAF.<\/p>\n<p class=\"has-text-align-center\" style=\"font-size:18px\"><strong>Il reste 75 % de cet article \u00e0 lire, Abonnez-vous pour y acc\u00e9der !<\/strong><\/p>\n<p><img loading=\"lazy\" decoding=\"async\" width=\"93\" height=\"93\" src=\"data:image\/svg+xml,%3Csvg%20xmlns=\" http:=\"\" alt=\"Logo Metadefense 93x93 2 Allemagne | Alliances militaires | Analyses D\u00e9fense\" data-lazy-src=\"https:\/\/www.europesays.com\/fr\/wp-content\/uploads\/2025\/06\/Logo-Metadefense-93x93-2.jpg\"\/><\/p>\n<p class=\"has-text-align-center\">Les <strong>abonnements Classiques<\/strong> donnent acc\u00e8s aux <br \/><strong>articles dans leur version int\u00e9grale<\/strong>, et <strong>sans publicit\u00e9<\/strong>, <br \/>\u00e0 partir de 1,99 \u20ac. Les abonnements <strong>Premium<\/strong> permettent d\u2019acc\u00e9der \u00e9galement aux <strong>archives<\/strong> (articles de plus de deux ans)<\/p>\n<p class=\"has-text-align-center\"><strong>ABONN\u00c9S : Si vous voyez ce panneau, malgr\u00e9 votre abonnement, <a href=\"https:\/\/meta-defense.fr\/questions-frequentes-meta-defense-fr\/#malgre-mon-abonnement-je-vois-toujours-le-panneau-dabonnement-qui-masque-larticle\" rel=\"nofollow noopener\" target=\"_blank\">videz le cache de votre navigateur<\/a> pour r\u00e9gler le probl\u00e8me. <\/strong><\/p>\n","protected":false},"excerpt":{"rendered":"En l\u2019espace de quelques ann\u00e9es, Berlin a engag\u00e9 une transformation de la Bundeswehr d\u2019une ampleur in\u00e9dite depuis la&hellip;\n","protected":false},"author":2,"featured_media":193680,"comment_status":"","ping_status":"","sticky":false,"template":"","format":"standard","meta":{"footnotes":""},"categories":[1587],"tags":[11,672,1804,1805,1803,1777,674,1801,12,1802],"class_list":{"0":"post-316404","1":"post","2":"type-post","3":"status-publish","4":"format-standard","5":"has-post-thumbnail","7":"category-allemagne","8":"tag-actualites","9":"tag-allemagne","10":"tag-bundesrepublik-deutschland","11":"tag-de","12":"tag-deutschland","13":"tag-eu","14":"tag-europe","15":"tag-germany","16":"tag-news","17":"tag-republique-federale-dallemagne"},"share_on_mastodon":{"url":"https:\/\/pubeurope.com\/@fr\/115021842044677636","error":""},"_links":{"self":[{"href":"https:\/\/www.europesays.com\/fr\/wp-json\/wp\/v2\/posts\/316404","targetHints":{"allow":["GET"]}}],"collection":[{"href":"https:\/\/www.europesays.com\/fr\/wp-json\/wp\/v2\/posts"}],"about":[{"href":"https:\/\/www.europesays.com\/fr\/wp-json\/wp\/v2\/types\/post"}],"author":[{"embeddable":true,"href":"https:\/\/www.europesays.com\/fr\/wp-json\/wp\/v2\/users\/2"}],"replies":[{"embeddable":true,"href":"https:\/\/www.europesays.com\/fr\/wp-json\/wp\/v2\/comments?post=316404"}],"version-history":[{"count":0,"href":"https:\/\/www.europesays.com\/fr\/wp-json\/wp\/v2\/posts\/316404\/revisions"}],"wp:featuredmedia":[{"embeddable":true,"href":"https:\/\/www.europesays.com\/fr\/wp-json\/wp\/v2\/media\/193680"}],"wp:attachment":[{"href":"https:\/\/www.europesays.com\/fr\/wp-json\/wp\/v2\/media?parent=316404"}],"wp:term":[{"taxonomy":"category","embeddable":true,"href":"https:\/\/www.europesays.com\/fr\/wp-json\/wp\/v2\/categories?post=316404"},{"taxonomy":"post_tag","embeddable":true,"href":"https:\/\/www.europesays.com\/fr\/wp-json\/wp\/v2\/tags?post=316404"}],"curies":[{"name":"wp","href":"https:\/\/api.w.org\/{rel}","templated":true}]}}