{"id":316407,"date":"2025-08-13T14:07:13","date_gmt":"2025-08-13T14:07:13","guid":{"rendered":"https:\/\/www.europesays.com\/fr\/316407\/"},"modified":"2025-08-13T14:07:13","modified_gmt":"2025-08-13T14:07:13","slug":"eurobarometre-la-politique-regionale-de-lue-bien-percue-par-les-citoyens-francais","status":"publish","type":"post","link":"https:\/\/www.europesays.com\/fr\/316407\/","title":{"rendered":"Eurobarom\u00e8tre : la politique r\u00e9gionale de l\u2019UE bien per\u00e7ue par les citoyens fran\u00e7ais"},"content":{"rendered":"<p>La perception des citadins fran\u00e7ais \u00e0 l\u2019\u00e9gard de la politique r\u00e9gionale de l\u2019UE\u00a0s\u2019am\u00e9liore:\u00a0par rapport \u00e0 <a href=\"https:\/\/europa.eu\/eurobarometer\/surveys\/detail\/2970?etrans=fr\" target=\"_blank\" rel=\"noopener\">l\u2019enqu\u00eate de 2023<\/a>, une tendance \u00e0 la hausse est observ\u00e9e. \u00a0On note une progression de cinq points\u00a0dans la part des Fran\u00e7ais ayant entendu parler d\u2019un projet financ\u00e9 par l&rsquo;UE dans leur r\u00e9gion, passant de 31 % en 2023 \u00e0 36% en 2025. <strong>Plus d\u2019un tiers des Fran\u00e7ais ont connaissance de projets financ\u00e9s par l\u2019UE\u00a0<\/strong>Parmi les personnes interrog\u00e9es, plus d\u2019un tiers\u00a0d\u00e9clarent avoir entendu parler d\u2019initiatives soutenues par l\u2019UE.\u00a0 \u00a0Parmi elles, pr\u00e8s de quatre sur cinq consid\u00e8rent que ces projets ont un impact positif sur leur ville ou leur municipalit\u00e9. Par ailleurs, 48\u00a0% des r\u00e9pondants estiment que ces projets renforcent leur sentiment d\u2019appartenance \u00e0 l\u2019Union europ\u00e9enne.<\/p>\n<p>Un tiers des Fran\u00e7ais disent conna\u00eetre le Fonds europ\u00e9en de d\u00e9veloppement r\u00e9gional (FEDER) et\/ou le Fonds social europ\u00e9en. En revanche, seuls 12% ont entendu parler du programme Interreg et le Fonds pour une transition juste reste largement m\u00e9connu:\u00a0seuls 5\u00a0% des r\u00e9pondants d\u00e9clarent le conna\u00eetre.<\/p>\n<p>Malgr\u00e9 une certaine connaissance des fonds europ\u00e9ens,\u00a0seuls 6 % des citoyens fran\u00e7ais affirment avoir b\u00e9n\u00e9fici\u00e9 d\u2019un projet soutenu par le FEDER &#8211;\u00a0un chiffre bien en de\u00e7\u00e0 de celui observ\u00e9 dans d\u2019autres \u00c9tats membres, o\u00f9 il peut d\u00e9passer les 50 %.\u00a0<\/p>\n<p><strong>Comment\u00a0les Fran\u00e7ais sont-ils inform\u00e9s des projets cofinanc\u00e9s par l\u2019UE ?<\/strong><\/p>\n<p>\u00a0Les m\u00e9dias locaux, r\u00e9gionaux et nationaux constituent la principale source d\u2019information des Fran\u00e7ais sur les projets de l\u2019UE dans les territoires. \u00a0Pr\u00e8s de 40% des personnes interrog\u00e9es citent la presse locale et r\u00e9gionale\u00a0comme vecteur d\u2019information. \u00a0Un tiers \u00e9voque la t\u00e9l\u00e9vision nationale, tandis qu\u2019un mentionne Internet et les panneaux d\u2019affichage. Les r\u00e9seaux sociaux sont,\u00a0quant \u00e0 eux,\u00a0sont moins\u00a0fr\u00e9quemment cit\u00e9s (17%).\u00a0<\/p>\n<p><strong>\u00a0Quelles priorit\u00e9s pour les investissements de l\u2019UE ?<\/strong><\/p>\n<p>Concernant les domaines prioritaires d\u2019investissements de l\u2019Union europ\u00e9enne, les r\u00e9pondants en France mettent en avant:<\/p>\n<ul>\n<li>l\u2019am\u00e9lioration des infrastructures de sant\u00e9 et d\u2019\u00e9ducation (52\u00a0%) ;<\/li>\n<li>la protection de l\u2019environnement, la gestion des ressources en eau et la lutte contre le changement climatique (41\u00a0%) ;<\/li>\n<li>l\u2019am\u00e9lioration du logement et de l\u2019efficacit\u00e9 \u00e9nerg\u00e9tique (28 %).<\/li>\n<li>le soutien aux entreprises et industries europ\u00e9ennes dans les secteurs strat\u00e9giques<\/li>\n<\/ul>\n<p>\u00a0<\/p>\n<p>Une majorit\u00e9 claire (64\u00a0%) estiment que la politique de coh\u00e9sion devrait b\u00e9n\u00e9ficier \u00e0 toutes les r\u00e9gions de l\u2019UE, avec une attention particuli\u00e8re pour les zones rurales ou montagneuses isol\u00e9es (61\u00a0%); les zones urbaines d\u00e9favoris\u00e9es (50\u00a0%); \u00a0les r\u00e9gions \u00e0 fort taux de ch\u00f4mage (46\u00a0%).<\/p>\n<p>\u00a0<\/p>\n<p><strong>Pour en savoir plus\u00a0:\u00a0<\/strong><\/p>\n<p><a href=\"https:\/\/europa.eu\/eurobarometer\/api\/deliverable\/download\/file?deliverableId=99542\" target=\"_blank\" rel=\"noopener\">Le r\u00e9sum\u00e9 du rapport<\/a> ainsi que le <a href=\"https:\/\/europa.eu\/eurobarometer\/surveys\/detail\/3355?etrans=fr\" target=\"_blank\" rel=\"noopener\">rapport complet<strong>\u00a0<\/strong>Eurobarom\u00e8tre\u00a0<\/a>sur la perception de la politique r\u00e9gionale de l\u2019UE\u00a0et <a href=\"https:\/\/europa.eu\/eurobarometer\/api\/deliverable\/download\/file?deliverableId=99511\" target=\"_blank\" rel=\"noopener\">la fiche pays<\/a> &#8211; France sont disponibles en anglais uniquement<\/p>\n","protected":false},"excerpt":{"rendered":"La perception des citadins fran\u00e7ais \u00e0 l\u2019\u00e9gard de la politique r\u00e9gionale de l\u2019UE\u00a0s\u2019am\u00e9liore:\u00a0par rapport \u00e0 l\u2019enqu\u00eate de 2023,&hellip;\n","protected":false},"author":2,"featured_media":316408,"comment_status":"","ping_status":"","sticky":false,"template":"","format":"standard","meta":{"footnotes":""},"categories":[1586],"tags":[11,39045,1777,674,1779,1011,27,12,25,1778,364],"class_list":{"0":"post-316407","1":"post","2":"type-post","3":"status-publish","4":"format-standard","5":"has-post-thumbnail","7":"category-europe","8":"tag-actualites","9":"tag-collectivite-territoriale","10":"tag-eu","11":"tag-europe","12":"tag-european-union","13":"tag-fr","14":"tag-france","15":"tag-news","16":"tag-republique-francaise","17":"tag-ue","18":"tag-union-europeenne"},"share_on_mastodon":{"url":"https:\/\/pubeurope.com\/@fr\/115021849894744876","error":""},"_links":{"self":[{"href":"https:\/\/www.europesays.com\/fr\/wp-json\/wp\/v2\/posts\/316407","targetHints":{"allow":["GET"]}}],"collection":[{"href":"https:\/\/www.europesays.com\/fr\/wp-json\/wp\/v2\/posts"}],"about":[{"href":"https:\/\/www.europesays.com\/fr\/wp-json\/wp\/v2\/types\/post"}],"author":[{"embeddable":true,"href":"https:\/\/www.europesays.com\/fr\/wp-json\/wp\/v2\/users\/2"}],"replies":[{"embeddable":true,"href":"https:\/\/www.europesays.com\/fr\/wp-json\/wp\/v2\/comments?post=316407"}],"version-history":[{"count":0,"href":"https:\/\/www.europesays.com\/fr\/wp-json\/wp\/v2\/posts\/316407\/revisions"}],"wp:featuredmedia":[{"embeddable":true,"href":"https:\/\/www.europesays.com\/fr\/wp-json\/wp\/v2\/media\/316408"}],"wp:attachment":[{"href":"https:\/\/www.europesays.com\/fr\/wp-json\/wp\/v2\/media?parent=316407"}],"wp:term":[{"taxonomy":"category","embeddable":true,"href":"https:\/\/www.europesays.com\/fr\/wp-json\/wp\/v2\/categories?post=316407"},{"taxonomy":"post_tag","embeddable":true,"href":"https:\/\/www.europesays.com\/fr\/wp-json\/wp\/v2\/tags?post=316407"}],"curies":[{"name":"wp","href":"https:\/\/api.w.org\/{rel}","templated":true}]}}