{"id":316409,"date":"2025-08-13T14:08:11","date_gmt":"2025-08-13T14:08:11","guid":{"rendered":"https:\/\/www.europesays.com\/fr\/316409\/"},"modified":"2025-08-13T14:08:11","modified_gmt":"2025-08-13T14:08:11","slug":"jacques-martial-acteur-dans-navarro-et-adjoint-danne-hidalgo-est-mort","status":"publish","type":"post","link":"https:\/\/www.europesays.com\/fr\/316409\/","title":{"rendered":"Jacques Martial, acteur dans \u00ab\u00a0Navarro\u00a0\u00bb et adjoint d\u2019Anne Hidalgo, est mort"},"content":{"rendered":"<p>De \u00ab\u00a0Navarro\u00a0\u00bb \u00e0 <a href=\"https:\/\/www.20minutes.fr\/dossier\/anne_hidalgo\" class=\"c-link c-link--is-underlined\" target=\"_blank\" rel=\"noopener\">Anne Hidalgo<\/a>. C\u2019est l\u2019itin\u00e9raire de <a href=\"https:\/\/www.paris.fr\/pages\/jacques-martial-8005\" target=\"_blank\" class=\"c-link c-link--is-underlined\" rel=\"noopener\">Jacques Martial<\/a>, \u00ab\u00a0grand homme de th\u00e9\u00e2tre, de cin\u00e9ma et de t\u00e9l\u00e9vision\u00a0\u00bb d\u00e9c\u00e9d\u00e9 ce mercredi. L\u2019hommage est sign\u00e9 de la maire de Paris qui souligne \u00ab\u00a0plus de 50 ans d\u2019une carri\u00e8re magnifique\u00a0\u00bb de celui qui avait rejoint son \u00e9quipe municipale en\u00a02020.<\/p>\n<p><img decoding=\"async\" alt=\"Jacques Martial en avril 2024 \u00e0 la BNF pour un hommage \u00e0 Maryse Cond\u00e9.\" class=\"c-img\" loading=\"lazy\" fetchpriority=\"auto\" width=\"718\"  src=\"https:\/\/img.20mn.fr\/duo3d37CS_SrQpbURES1xik\/718x0-21.84479166666665x10.15625-69.30104166666668\" \/>Jacques Martial en avril 2024 \u00e0 la BNF pour un hommage \u00e0 Maryse Cond\u00e9.\u2002-\u00a0Lafargue Raphael-Pool\/SIPA<\/p>\n<p>Elu conseiller municipal, il \u00e9tait devenu aupr\u00e8s d\u2019Anne Hidalgo \u00ab\u00a0d\u00e9l\u00e9gu\u00e9 charg\u00e9 des Outre-mer puis, en novembre\u00a02022, adjoint charg\u00e9 des Outre-mer\u00a0\u00bb. \u00ab\u00a0Son combat\u00a0\u00bb, selon le communiqu\u00e9 de presse de la Ville de Paris, portait sur \u00ab\u00a0le travail de <a href=\"https:\/\/www.20minutes.fr\/monde\/4148797-20250417-france-doit-rembourser-haiti-payer-cher-independance\" target=\"_blank\" class=\"c-link c-link--is-underlined\" rel=\"noopener\">m\u00e9moire sur l\u2019esclavage<\/a> et ses abolitions et surtout de la visibilit\u00e9 des grandes figures de l\u2019Outre-mer dans l\u2019espace public parisien\u00a0\u00bb.<\/p>\n<blockquote class=\"twitter-tweet\" align=\"center\" data-lang=\"fr_FR\">\n<p lang=\"fr\" dir=\"ltr\">Infinie tristesse face \u00e0 la disparition de Jacques Martial, adjoint \u00e0 la Maire de Paris et \u00e9lu du 12e arrondissement. <\/p>\n<p>Jacques \u00e9tait un \u00e9lu passionn\u00e9, d\u00e9fenseur des territoires ultramarins et amoureux du 12e arrondissement. <\/p>\n<p>Toutes mes pens\u00e9es \u00e0 sa famille et \u00e0 ses proches.<\/p>\n<p>\u2014 Emmanuelle Pierre-Marie (@EPierreMarie) <a href=\"https:\/\/twitter.com\/EPierreMarie\/status\/1955583475865780659?ref_src=twsrc%5Etfw\" target=\"_blank\" rel=\"noopener\">August 13, 2025<\/a><\/p><\/blockquote>\n<p class=\"mb-xxl@xs color-ultramarine font-weight-semi-bold@xs font-source-serif-pro heading-s@xs\">L\u2019acc\u00e8s \u00e0 ce contenu a \u00e9t\u00e9 bloqu\u00e9 afin de respecter votre choix de consentement<\/p>\n<p class=\"mb-m@xs text-l@xs\">En cliquant sur\u00ab J\u2019accepte \u00bb, vous acceptez le d\u00e9p\u00f4t de cookies par des services externes et aurez ainsi acc\u00e8s aux contenus de nos partenaires.<\/p>\n<p class=\"mb-xl@xs text-s@xs\">Plus d\u2019informations sur la page<a href=\"https:\/\/www.20minutes.fr\/gestion-cookies\" class=\"mx-xxs@xs color-ultramarine\" target=\"_blank\" rel=\"noopener\">Politique de gestion des cookies<\/a><\/p>\n<p>J\u2019accepteDoublure voix de Wesley Snipes<\/p>\n<p>Dans sa carri\u00e8re d\u2019acteur, Jacques Martial avait jou\u00e9 au th\u00e9\u00e2tre\u00a0: \u00ab\u00a0Racine, Shakespeare, M\u00e9rim\u00e9e, Jules Renard, Giraudoux\u00a0\u00bb, \u00e9num\u00e8re la Ville, avant de lister les r\u00e9alisateurs avec qui il a travaill\u00e9 ou les acteurs qu\u2019il a doubl\u00e9s\u00a0: \u00ab\u00a0Samuel Fuller, John Berry, Sam Karmann ou Robert Kramer\u00a0\u00bb et \u00ab\u00a0Samuel L. Jackson, Ving Rhames, Denzel Washington ou Wesley Snipes\u00a0\u00bb.<\/p>\n<p>Mais le grand public se souvient de lui pour son r\u00f4le de \u00ab\u00a0Bain Marie\u00a0\u00bb dans la s\u00e9rie polici\u00e8re Navarro aux c\u00f4t\u00e9s de <a href=\"https:\/\/www.20minutes.fr\/dossier\/roger-hanin\" class=\"c-link c-link--is-underlined\" target=\"_blank\" rel=\"noopener\">Roger Hanin<\/a>.<\/p>\n<p><script async src=\"https:\/\/platform.twitter.com\/widgets.js\" charset=\"utf-8\"><\/script><\/p>\n","protected":false},"excerpt":{"rendered":"De \u00ab\u00a0Navarro\u00a0\u00bb \u00e0 Anne Hidalgo. C\u2019est l\u2019itin\u00e9raire de Jacques Martial, \u00ab\u00a0grand homme de th\u00e9\u00e2tre, de cin\u00e9ma et de&hellip;\n","protected":false},"author":2,"featured_media":316410,"comment_status":"","ping_status":"","sticky":false,"template":"","format":"standard","meta":{"footnotes":""},"categories":[2],"tags":[253,11,2618,650,251,1011,27,662,12,626,1306,25,45512,1347],"class_list":{"0":"post-316409","1":"post","2":"type-post","3":"status-publish","4":"format-standard","5":"has-post-thumbnail","7":"category-actualites","8":"tag-acteur","9":"tag-actualites","10":"tag-anne-hidalgo","11":"tag-cinema","12":"tag-culture","13":"tag-fr","14":"tag-france","15":"tag-ile-de-france","16":"tag-news","17":"tag-paris","18":"tag-regions","19":"tag-republique-francaise","20":"tag-roger-hanin","21":"tag-theatre"},"share_on_mastodon":{"url":"https:\/\/pubeurope.com\/@fr\/115021853783001575","error":""},"_links":{"self":[{"href":"https:\/\/www.europesays.com\/fr\/wp-json\/wp\/v2\/posts\/316409","targetHints":{"allow":["GET"]}}],"collection":[{"href":"https:\/\/www.europesays.com\/fr\/wp-json\/wp\/v2\/posts"}],"about":[{"href":"https:\/\/www.europesays.com\/fr\/wp-json\/wp\/v2\/types\/post"}],"author":[{"embeddable":true,"href":"https:\/\/www.europesays.com\/fr\/wp-json\/wp\/v2\/users\/2"}],"replies":[{"embeddable":true,"href":"https:\/\/www.europesays.com\/fr\/wp-json\/wp\/v2\/comments?post=316409"}],"version-history":[{"count":0,"href":"https:\/\/www.europesays.com\/fr\/wp-json\/wp\/v2\/posts\/316409\/revisions"}],"wp:featuredmedia":[{"embeddable":true,"href":"https:\/\/www.europesays.com\/fr\/wp-json\/wp\/v2\/media\/316410"}],"wp:attachment":[{"href":"https:\/\/www.europesays.com\/fr\/wp-json\/wp\/v2\/media?parent=316409"}],"wp:term":[{"taxonomy":"category","embeddable":true,"href":"https:\/\/www.europesays.com\/fr\/wp-json\/wp\/v2\/categories?post=316409"},{"taxonomy":"post_tag","embeddable":true,"href":"https:\/\/www.europesays.com\/fr\/wp-json\/wp\/v2\/tags?post=316409"}],"curies":[{"name":"wp","href":"https:\/\/api.w.org\/{rel}","templated":true}]}}