{"id":316413,"date":"2025-08-13T14:10:17","date_gmt":"2025-08-13T14:10:17","guid":{"rendered":"https:\/\/www.europesays.com\/fr\/316413\/"},"modified":"2025-08-13T14:10:17","modified_gmt":"2025-08-13T14:10:17","slug":"deux-cas-autochtones-de-fievre-du-nil-occidental-detectes-en-ile-de-france-pour-la-premiere-fois-liberation","status":"publish","type":"post","link":"https:\/\/www.europesays.com\/fr\/316413\/","title":{"rendered":"deux cas autochtones de fi\u00e8vre du Nil occidental d\u00e9tect\u00e9s en Ile-de-France pour la premi\u00e8re fois \u2013 Lib\u00e9ration"},"content":{"rendered":"<p class=\"sc-ksZaOG ehjQrN text-element\">Les maladies <a href=\"https:\/\/www.liberation.fr\/societe\/sante\/astuces-anti-moustiques-le-vrai-du-faux-20220728_K75V4D76QZHVTGZJFBN4HGGHH4\/\" target=\"_blank\" rel=\"nofollow noopener\" title=\"https:\/\/www.liberation.fr\/societe\/sante\/astuces-anti-moustiques-le-vrai-du-faux-20220728_K75V4D76QZHVTGZJFBN4HGGHH4\/\">transmises par les moustiques<\/a> se r\u00e9pandent un peu plus en France. Cette fois, il s\u2019agit de la<a href=\"https:\/\/www.liberation.fr\/societe\/sante\/premiers-cas-de-virus-du-nil-occidental-en-france-ce-que-lon-sait-de-cette-maladie-transmise-par-les-moustiques-20240813_2L3PXNPDORBE5BLNMDYGJE7YAQ\/\" target=\"_blank\" rel=\"nofollow noopener\" title=\"https:\/\/www.liberation.fr\/societe\/sante\/premiers-cas-de-virus-du-nil-occidental-en-france-ce-que-lon-sait-de-cette-maladie-transmise-par-les-moustiques-20240813_2L3PXNPDORBE5BLNMDYGJE7YAQ\/\"> fi\u00e8vre du Nil occidental<\/a> (ou \u00abWest Nile\u00bb) : des cas autochtones \u2013 c\u2019est-\u00e0-dire contract\u00e9s en France m\u00e9tropolitaine \u2013 ont \u00e9t\u00e9 d\u00e9tect\u00e9s pour la premi\u00e8re fois en Ile-de-France, a annonc\u00e9 ce mercredi 13 ao\u00fbt Sant\u00e9 publique France. Ils ont \u00e9t\u00e9 identifi\u00e9s chez deux personnes en Seine-Saint-Denis.<\/p>\n<p class=\"sc-ksZaOG ehjQrN text-element\">L\u2019infection, l\u2019une des plus r\u00e9pandues parmi les maladies transmises par les moustiques, est g\u00e9n\u00e9ralement sans sympt\u00f4me. Dans environ un cinqui\u00e8me des cas, elle donne lieu \u00e0 un \u00e9tat grippal, avec l\u2019apparition brutale de fi\u00e8vre, de maux de t\u00eate, de douleurs articulaires et musculaires, voire d\u2019une \u00e9ruption cutan\u00e9e. Le malade r\u00e9cup\u00e8re g\u00e9n\u00e9ralement spontan\u00e9ment. Dans moins de 1 % des cas, de graves complications peuvent toutefois appara\u00eetre, jusqu\u2019\u00e0 provoquer la mort.<\/p>\n<p class=\"sc-ksZaOG ehjQrN text-element\">Contrairement au chikungunya ou \u00e0 la dengue, ce n\u2019est pas le moustique tigre qui transmet ce virus par ses piq\u00fbres, mais le genre Culex, bien plus r\u00e9pandu en France m\u00e9tropolitaine. Autre diff\u00e9rence avec ces deux autres maladies : la fi\u00e8vre \u00abWest Nile\u00bb n\u2019est pas transmise depuis un humain \u00e0 l\u2019autre par le moustique, mais depuis un oiseau infect\u00e9.<\/p>\n<p class=\"sc-ksZaOG ehjQrN text-element\">Des cas autochtones ont d\u00e9j\u00e0 \u00e9t\u00e9 signal\u00e9s dans l\u2019Hexagone les ann\u00e9es pr\u00e9c\u00e9dentes \u2013 une quarantaine en 2024 \u2013 mais jamais aussi au Nord. Cet \u00e9t\u00e9, \u00e0 part les deux cas franciliens, cinq autres cas autochtones ont \u00e9t\u00e9 enregistr\u00e9s dans le Sud, en Provence-Alpes-C\u00f4te-d\u2019Azur, a pr\u00e9cis\u00e9 l\u2019agence nationale Sant\u00e9 publique France dans un autre bilan, publi\u00e9 mercredi.<\/p>\n<p class=\"sc-ksZaOG ehjQrN text-element\">Dans le m\u00eame temps, les <a href=\"https:\/\/www.liberation.fr\/societe\/sante\/le-chikungunya-infecte-un-tres-grand-nombre-de-personnes-en-peu-de-temps-et-cest-cette-vague-epidemique-qui-surprend-20250617_3X3ZUCGDEVCUBF2P23C2XDNYQQ\/\" target=\"_blank\" rel=\"nofollow noopener\" title=\"https:\/\/www.liberation.fr\/societe\/sante\/le-chikungunya-infecte-un-tres-grand-nombre-de-personnes-en-peu-de-temps-et-cest-cette-vague-epidemique-qui-surprend-20250617_3X3ZUCGDEVCUBF2P23C2XDNYQQ\/\">foyers de chikungunya<\/a> se multiplient en m\u00e9tropole \u00e0 un niveau particuli\u00e8rement \u00e9lev\u00e9, <a href=\"https:\/\/www.liberation.fr\/societe\/sante\/a-la-reunion-une-epidemie-de-chikungunya-et-un-vaccin-toujours-pas-rembourse-20250224_NKHI2XEITRBIZAJDRJPB7YXTNE\/\" target=\"_blank\" rel=\"nofollow noopener\" title=\"https:\/\/www.liberation.fr\/societe\/sante\/a-la-reunion-une-epidemie-de-chikungunya-et-un-vaccin-toujours-pas-rembourse-20250224_NKHI2XEITRBIZAJDRJPB7YXTNE\/\">apr\u00e8s une \u00e9pid\u00e9mie \u00e0 La R\u00e9union<\/a> qui a facilit\u00e9 l\u2019importation du virus. D\u00e9sormais, \u00ab23 \u00e9pisodes de chikungunya totalisant 115 cas (avec) 1 \u00e0 23 cas par \u00e9pisode\u00bb ont \u00e9t\u00e9 comptabilis\u00e9s dans l\u2019Hexagone, indique Sant\u00e9 publique France dans son bulletin hebdomadaire. Six de ces \u00e9pisodes sont clos. La semaine pr\u00e9c\u00e9dente, le bilan s\u2019inscrivait \u00e0 16 foyers pour 63 cas, un niveau d\u00e9j\u00e0 record. Concernant la dengue, six foyers ont \u00e9t\u00e9 recens\u00e9s pour un total de onze cas.<\/p>\n<p class=\"sc-ksZaOG ehjQrN text-element\">La transmission dans l\u2019Hexagone de ces deux derni\u00e8res maladies est une cons\u00e9quence de l\u2019implantation du moustique tigre. Celui-ci \u00e9tait encore absent de la m\u00e9tropole voici quelques d\u00e9cennies, mais il s\u2019y est d\u00e9sormais largement install\u00e9, sur fond de r\u00e9chauffement climatique.<\/p>\n","protected":false},"excerpt":{"rendered":"Les maladies transmises par les moustiques se r\u00e9pandent un peu plus en France. Cette fois, il s\u2019agit de&hellip;\n","protected":false},"author":2,"featured_media":316414,"comment_status":"","ping_status":"","sticky":false,"template":"","format":"standard","meta":{"footnotes":""},"categories":[4],"tags":[11,1011,27,662,12,25,1945],"class_list":{"0":"post-316413","1":"post","2":"type-post","3":"status-publish","4":"format-standard","5":"has-post-thumbnail","7":"category-france","8":"tag-actualites","9":"tag-fr","10":"tag-france","11":"tag-ile-de-france","12":"tag-news","13":"tag-republique-francaise","14":"tag-seine-saint-denis"},"share_on_mastodon":{"url":"https:\/\/pubeurope.com\/@fr\/115021861812085077","error":""},"_links":{"self":[{"href":"https:\/\/www.europesays.com\/fr\/wp-json\/wp\/v2\/posts\/316413","targetHints":{"allow":["GET"]}}],"collection":[{"href":"https:\/\/www.europesays.com\/fr\/wp-json\/wp\/v2\/posts"}],"about":[{"href":"https:\/\/www.europesays.com\/fr\/wp-json\/wp\/v2\/types\/post"}],"author":[{"embeddable":true,"href":"https:\/\/www.europesays.com\/fr\/wp-json\/wp\/v2\/users\/2"}],"replies":[{"embeddable":true,"href":"https:\/\/www.europesays.com\/fr\/wp-json\/wp\/v2\/comments?post=316413"}],"version-history":[{"count":0,"href":"https:\/\/www.europesays.com\/fr\/wp-json\/wp\/v2\/posts\/316413\/revisions"}],"wp:featuredmedia":[{"embeddable":true,"href":"https:\/\/www.europesays.com\/fr\/wp-json\/wp\/v2\/media\/316414"}],"wp:attachment":[{"href":"https:\/\/www.europesays.com\/fr\/wp-json\/wp\/v2\/media?parent=316413"}],"wp:term":[{"taxonomy":"category","embeddable":true,"href":"https:\/\/www.europesays.com\/fr\/wp-json\/wp\/v2\/categories?post=316413"},{"taxonomy":"post_tag","embeddable":true,"href":"https:\/\/www.europesays.com\/fr\/wp-json\/wp\/v2\/tags?post=316413"}],"curies":[{"name":"wp","href":"https:\/\/api.w.org\/{rel}","templated":true}]}}