{"id":316417,"date":"2025-08-13T14:13:12","date_gmt":"2025-08-13T14:13:12","guid":{"rendered":"https:\/\/www.europesays.com\/fr\/316417\/"},"modified":"2025-08-13T14:13:12","modified_gmt":"2025-08-13T14:13:12","slug":"pro-d2-on-pourrait-citer-vannes-grenoble-brive-philippe-saint-andre-devoile-ses-favoris-pour-la-montee","status":"publish","type":"post","link":"https:\/\/www.europesays.com\/fr\/316417\/","title":{"rendered":"Pro D2. \u00ab On pourrait citer Vannes, Grenoble, Brive \u00bb : Philippe Saint-Andr\u00e9 d\u00e9voile ses favoris pour la mont\u00e9e"},"content":{"rendered":"<p>Pr\u00e9sent en stage dans l&rsquo;Ard\u00e8che avec son club de <a href=\"https:\/\/www.ledauphine.com\/sport\/2025\/03\/28\/vrdr-engouement-des-supporters-philippe-saint-andre-star-du-rugby-mondial-ce-qu-il-faut-savoir-avant-provence-rugby\" target=\"_blank\" rel=\"nofollow noopener\">Provence Rugby,<\/a> <a href=\"https:\/\/www.ledauphine.com\/p\/philippe-saint-andre\" target=\"_blank\" rel=\"nofollow noopener\">Philippe Saint-Andr\u00e9<\/a> aura \u00e0 coeur d&#8217;emmener son \u00e9quipe le plus loin possible apr\u00e8s l&rsquo;\u00e9limination en demi-finales de la phase finale d&rsquo;accession la saison derni\u00e8re.<\/p>\n<p>Dans un entretien \u00e0 <a href=\"https:\/\/www.rugbyrama.fr\/2025\/08\/13\/pro-d2-saga-provence-rugby-philippe-saint-andre-manager-aix-en-provence-sera-un-outsider-ambitieux-12865005.php\" target=\"_blank\" rel=\"nofollow noopener\">Rugbyrama<\/a>, l&rsquo;entra\u00eeneur dr\u00f4mois estime que \u00ab\u00a0toutes les \u00e9quipes auront vraiment leur mot \u00e0 dire et leur chance \u00e0 jouer \u00e0 fond\u00a0\u00bb la saison \u00e0 venir. Mais un groupe de favoris se d\u00e9gage n\u00e9anmoins selon lui. \u00ab\u00a0La deuxi\u00e8me division va \u00eatre d\u2019une complexit\u00e9 incroyable cette saison. On pourrait citer Vannes, Grenoble, Brive mais \u00e9galement Oyonnax, Colomiers, Soyaux-Angoul\u00eame pour jouer la mont\u00e9e.\u00a0\u00bb<\/p>\n<p>Pour sa premi\u00e8re ann\u00e9e sur le banc d&rsquo;Aix, Philippe Saint-Andr\u00e9 a l&rsquo;ambition de jouer les trouble-f\u00eate et de s&rsquo;inviter en haut du classement pour d\u00e9crocher la mont\u00e9e. \u00ab\u00a0On veut \u00eatre dans la course \u00e0 la mont\u00e9e en Top 14. C\u2019est notre objectif. Aix sera un outsider ambitieux !\u00a0\u00bb ajoute l&rsquo;ancien international (69 s\u00e9lections). Elimin\u00e9 \u00e0 deux reprises par le FCG en demi-finales des barrages d&rsquo;accession, Provence Rugby esp\u00e8re franchir l&rsquo;obstacle et s&rsquo;offrir une chance de r\u00eaver au Top 14 en 2026.<\/p>\n","protected":false},"excerpt":{"rendered":"Pr\u00e9sent en stage dans l&rsquo;Ard\u00e8che avec son club de Provence Rugby, Philippe Saint-Andr\u00e9 aura \u00e0 coeur d&#8217;emmener son&hellip;\n","protected":false},"author":2,"featured_media":316418,"comment_status":"","ping_status":"","sticky":false,"template":"","format":"standard","meta":{"footnotes":""},"categories":[1416],"tags":[2737,2727,1701,1011,27,2731,2732,2308,2736,479,1468,517,1947,60],"class_list":{"0":"post-316417","1":"post","2":"type-post","3":"status-publish","4":"format-standard","5":"has-post-thumbnail","7":"category-rugby","8":"tag-edition-romans-nord-drome","9":"tag-fcg-fc-grenoble-rugby","10":"tag-fil-info-sport","11":"tag-fr","12":"tag-france","13":"tag-grenoble","14":"tag-grenoble-bassin","15":"tag-pro-d2","16":"tag-romans-sur-isere","17":"tag-rugby","18":"tag-rugby-football","19":"tag-sport","20":"tag-sport-national","21":"tag-sports"},"share_on_mastodon":{"url":"https:\/\/pubeurope.com\/@fr\/115021873406810067","error":""},"_links":{"self":[{"href":"https:\/\/www.europesays.com\/fr\/wp-json\/wp\/v2\/posts\/316417","targetHints":{"allow":["GET"]}}],"collection":[{"href":"https:\/\/www.europesays.com\/fr\/wp-json\/wp\/v2\/posts"}],"about":[{"href":"https:\/\/www.europesays.com\/fr\/wp-json\/wp\/v2\/types\/post"}],"author":[{"embeddable":true,"href":"https:\/\/www.europesays.com\/fr\/wp-json\/wp\/v2\/users\/2"}],"replies":[{"embeddable":true,"href":"https:\/\/www.europesays.com\/fr\/wp-json\/wp\/v2\/comments?post=316417"}],"version-history":[{"count":0,"href":"https:\/\/www.europesays.com\/fr\/wp-json\/wp\/v2\/posts\/316417\/revisions"}],"wp:featuredmedia":[{"embeddable":true,"href":"https:\/\/www.europesays.com\/fr\/wp-json\/wp\/v2\/media\/316418"}],"wp:attachment":[{"href":"https:\/\/www.europesays.com\/fr\/wp-json\/wp\/v2\/media?parent=316417"}],"wp:term":[{"taxonomy":"category","embeddable":true,"href":"https:\/\/www.europesays.com\/fr\/wp-json\/wp\/v2\/categories?post=316417"},{"taxonomy":"post_tag","embeddable":true,"href":"https:\/\/www.europesays.com\/fr\/wp-json\/wp\/v2\/tags?post=316417"}],"curies":[{"name":"wp","href":"https:\/\/api.w.org\/{rel}","templated":true}]}}