{"id":316424,"date":"2025-08-13T14:17:11","date_gmt":"2025-08-13T14:17:11","guid":{"rendered":"https:\/\/www.europesays.com\/fr\/316424\/"},"modified":"2025-08-13T14:17:11","modified_gmt":"2025-08-13T14:17:11","slug":"stefano-domenicali-ouvre-la-porte-aux-grilles-inversees-en-f1-lors-des-courses-sprint-lequipe","status":"publish","type":"post","link":"https:\/\/www.europesays.com\/fr\/316424\/","title":{"rendered":"Stefano Domenicali ouvre la porte aux grilles invers\u00e9es en F1 lors des courses sprint &#8211; L&#039;\u00c9quipe"},"content":{"rendered":"<ol>\n<li><a href=\"https:\/\/news.google.com\/rss\/articles\/CBMi0wFBVV95cUxNNnpHYUJPQWhGMldjbjFXV0lHcnlnX1Jkem1WbjA4dG1jTE43WXdkUm5nZTVGQ1h2eTZtSmZ1QlF2YUgyUmR6cldvTzBHS0VKMzc4OXJCSnl3ZXV6dlliV3Jja2Fkc0p4NzdtUFp5THNEeW9HdVlVVWExUnk3NWxYYVBuZFNpRXBpTnBOZ29tOWhsckpRb25HdGF2YzFscnlVd19zNkh0NmFsSzFXcGxKbHFSNEI5MEhXNTBTNmJqSllOaDIxRERfMy1URU9JdTBzZkxV?oc=5\" target=\"_blank\" rel=\"nofollow noopener\">Stefano Domenicali ouvre la porte aux grilles invers\u00e9es en F1 lors des courses sprint<\/a>&nbsp;&nbsp;L&rsquo;\u00c9quipe<\/li>\n<li><a href=\"https:\/\/news.google.com\/rss\/articles\/CBMiqAJBVV95cUxQTVhTMzJ3dGgwY3JNU0Q3a1NrTVhUbWkxal91OEgwaG1XRlhGeU9JSUR6eHRmU3c3MHJKQTM0akZWamNmRW1tTlU4dGpVVFNwaFpLTVoyRVc3UFRPcXBpaGotemxxalN0TWJCZlB0Wi1ldWRMckdmNVUyNkwzOGk4ajN0TXJnWG5obGJWREFkT1JrNDdORE1oeG5MaW5OcWl3ajhXanF4cFNKMlNqNExyV19nUHNiQnFZa2xWZnBTaGx5SE1qWjFhZWpqUzc5aHZPall0TkYycjRVbUtqdlhGeWtZakl2X0pLMG9Fd1U3RkJ3Nmtzdjl4V2x3TFloQUpFTGtsNll3dFJPS0VfdE1tSjdfek5uTmw3TWpJRVRhMW8xeFpYVnJFSA?oc=5\" target=\"_blank\" rel=\"nofollow noopener\">\u00abJe suis pr\u00eat \u00e0 mettre ce sujet sur la table\u00bb : grand patron de la Formule 1, Stefano Domenicali ouvre la porte \u00e0 la grille invers\u00e9e<\/a>&nbsp;&nbsp;Le Figaro<\/li>\n<li><a href=\"https:\/\/news.google.com\/rss\/articles\/CBMilgFBVV95cUxNVjBRRm0zWVJ3bHRYMVp5Z0F2QWwzSTlwNWlEeGdCc2tKYVZGVGxtY1NYdnd1Q1dHYUZ2NWlCUWg4VkFwcUJ1TUtzV1gyY2JBenhGRnYzcUYxanBRbmVtM3E0eW9TRk1ZQnJPVmEwTzl5azNRVW91OTBadURscEJ0Nk1FV3V6dVRWV1lxai1ZM1J4alFETEE?oc=5\" target=\"_blank\" rel=\"nofollow noopener\">Grille invers\u00e9e en Sprint : h\u00e9r\u00e9sie ou bonne id\u00e9e ?<\/a>&nbsp;&nbsp;AutoHebdo<\/li>\n<li><a href=\"https:\/\/news.google.com\/rss\/articles\/CBMirwFBVV95cUxOM1BXSGpnMThDWVBTUFF4S2JvWUVRVHMzTVI0RXZQZkFMZi1YZ0pzTU16NEY2cTZOMno2YzFYZUZvUmZaLUFwRjlUakliUkptT1F0Z2VuMW9kNVEwWFVoT1RmUkhNbFZ6QkFuNGdvSm9DVGZrdDczT1RLa001YUJCZ1hfOWJCZjJHcHpHMkJuVUU1Y3VFdnFHb2l1UlJEMjJyUElYUDczY0pCQWtNNEJF?oc=5\" target=\"_blank\" rel=\"nofollow noopener\">Vers plus de courses Sprint en F1\u2026 avec une grille invers\u00e9e ?<\/a>&nbsp;&nbsp;f1i.autojournal.fr<\/li>\n<li><a href=\"https:\/\/news.google.com\/rss\/articles\/CBMijAFBVV95cUxPS2VBdlo5Sl9IYnkzaFE4RllkdTRBZklXeWprWWFsaFQzb1VoYUFpcW1xS3BLUFJ4ZXhUZkptQkJZMS1lSTJpdnIweFROV1kwWDFpMGFYRkVjX2FhRmNhVS1ObjhiM0tUWmhaX2Z4dnNzVFJJa0RVWDhjeWY4UXYwVTJZNFBzZnE5N0s3QQ?oc=5\" target=\"_blank\" rel=\"nofollow noopener\">F1 &#8211; Plus de Sprints et la grille invers\u00e9e dans le futur ?<\/a>&nbsp;&nbsp;Yahoo Actualit\u00e9s<\/li>\n<\/ol>\n","protected":false},"excerpt":{"rendered":"Stefano Domenicali ouvre la porte aux grilles invers\u00e9es en F1 lors des courses sprint&nbsp;&nbsp;L&rsquo;\u00c9quipe \u00abJe suis pr\u00eat \u00e0&hellip;\n","protected":false},"author":2,"featured_media":316425,"comment_status":"","ping_status":"","sticky":false,"template":"","format":"standard","meta":{"footnotes":""},"categories":[1412],"tags":[1451,1452,1453,1454,1455,1011,27,60],"class_list":{"0":"post-316424","1":"post","2":"type-post","3":"status-publish","4":"format-standard","5":"has-post-thumbnail","7":"category-f1","8":"tag-f1","9":"tag-formula-1","10":"tag-formula1","11":"tag-formule-1","12":"tag-formule1","13":"tag-fr","14":"tag-france","15":"tag-sports"},"share_on_mastodon":{"url":"https:\/\/pubeurope.com\/@fr\/115021889121871405","error":""},"_links":{"self":[{"href":"https:\/\/www.europesays.com\/fr\/wp-json\/wp\/v2\/posts\/316424","targetHints":{"allow":["GET"]}}],"collection":[{"href":"https:\/\/www.europesays.com\/fr\/wp-json\/wp\/v2\/posts"}],"about":[{"href":"https:\/\/www.europesays.com\/fr\/wp-json\/wp\/v2\/types\/post"}],"author":[{"embeddable":true,"href":"https:\/\/www.europesays.com\/fr\/wp-json\/wp\/v2\/users\/2"}],"replies":[{"embeddable":true,"href":"https:\/\/www.europesays.com\/fr\/wp-json\/wp\/v2\/comments?post=316424"}],"version-history":[{"count":0,"href":"https:\/\/www.europesays.com\/fr\/wp-json\/wp\/v2\/posts\/316424\/revisions"}],"wp:featuredmedia":[{"embeddable":true,"href":"https:\/\/www.europesays.com\/fr\/wp-json\/wp\/v2\/media\/316425"}],"wp:attachment":[{"href":"https:\/\/www.europesays.com\/fr\/wp-json\/wp\/v2\/media?parent=316424"}],"wp:term":[{"taxonomy":"category","embeddable":true,"href":"https:\/\/www.europesays.com\/fr\/wp-json\/wp\/v2\/categories?post=316424"},{"taxonomy":"post_tag","embeddable":true,"href":"https:\/\/www.europesays.com\/fr\/wp-json\/wp\/v2\/tags?post=316424"}],"curies":[{"name":"wp","href":"https:\/\/api.w.org\/{rel}","templated":true}]}}