{"id":316426,"date":"2025-08-13T14:18:11","date_gmt":"2025-08-13T14:18:11","guid":{"rendered":"https:\/\/www.europesays.com\/fr\/316426\/"},"modified":"2025-08-13T14:18:11","modified_gmt":"2025-08-13T14:18:11","slug":"vuelta-tour-despagne-tom-pidcock-ambitieux-je-peux-viser-une-place-dans-le-top-10","status":"publish","type":"post","link":"https:\/\/www.europesays.com\/fr\/316426\/","title":{"rendered":"Vuelta. Tour d&rsquo;Espagne &#8211; Tom Pidcock, ambitieux : \u00abJe peux viser une place dans le top 10\u00bb"},"content":{"rendered":"<p>Apr\u00e8s une bataille acharn\u00e9e contre <strong>Corbin Strong<\/strong> (Israel Premier-Tech) sur l&rsquo;<strong>Arctic Race of Norway<\/strong>, o\u00f9 il a pris la deuxi\u00e8me place du classement g\u00e9n\u00e9ral, le Britannique <strong><a href=\"https:\/\/www.cyclismactu.net\/..\/news-arctic-race-of-norway-route-tom-pidcock-3e-etape-corbin-strong-solide-leader-89531.html\" target=\"_blank\" rel=\"nofollow noopener\">Tom Pidcock<\/a><\/strong> (Q36.5 Pro Cycling Team) va s&rsquo;avancer vers son deuxi\u00e8me Grand Tour de la saison, le <strong>Tour d&rsquo;Espagne<\/strong>. Pour sa premi\u00e8re participation au <strong>Tour d&rsquo;Italie<\/strong> en mai dernier, le coureur de 26 ans a termin\u00e9 sans victoire d\u2019\u00e9tape et \u00e0 une anecdotique 16e place du classement final. Le natif de Leeds n&rsquo;a particip\u00e9 qu&rsquo;une seule fois \u00e0 l&rsquo;\u00e9preuve espagnole, c&rsquo;\u00e9tait en 2021. Dans une interview accord\u00e9e au m\u00e9dia n\u00e9erlandais, <a href=\"https:\/\/www.telegraaf.nl\/sport\/wielrennen\/thomas-pidcock-wil-wat-mathieu-van-der-poel-heeft-en-andersom-hij-ligt-ver-voor-op-mij\/83080290.html\" target=\"_blank\" rel=\"nofollow noopener\">De Telegraaf<\/a>, <strong>Pidcock<\/strong> \u00e9voque ses ambitions pour le dernier Grand Tour de la saison.<\/p>\n<p>Vid\u00e9o &#8211; Apr\u00e8s le Giro, direction La Vuelta pour Tom Pidcock ! Lire la suite de l&rsquo;article&#13;<\/p>\n<p>\u00a0<\/p>\n<p>&#13;<br \/>\n<strong>\u00ab\u00a0Gagner une course de trois semaines est la chose la plus difficile au monde pour moi&#8230;\u00a0\u00bb<\/strong>&#13;<\/p>\n<p><strong>\u00a0<\/strong>\u00ab\u00a0Je pense que je peux viser une place dans le top 10 lors du prochain Tour d&rsquo;Espagne\u00a0\u00bb, d\u00e9bute le coureur de la formation <strong>Q36.5<\/strong>. \u00ab\u00a0Je dois encore beaucoup m\u2019am\u00e9liorer dans le contre-la-montre. Ensuite, \u00eatre sur le podium serait formidable, mais je pense que pouvoir gagner une course de trois semaines est la chose la plus difficile au monde pour moi. Je sais ce que c\u2019est que de gagner une Classique, mais un Grand Tour\u2026 C\u2019est une toute autre histoire\u00a0\u00bb, explique-t-il. \u00ab\u00a0Je veux me concentrer davantage sur la route et nous sommes encore en train de construire l\u2019\u00e9quipe\u00a0\u00bb, encha\u00eene le Britannique.<\/p>\n<p>&#13;<\/p>\n<p>\u00ab\u00a0Pour moi, il est donc beaucoup plus logique de participer au Tour d&rsquo;Espagne qu\u2019aux championnats du monde de VTT (pr\u00e9vus du 1er au 14 septembre en Suisse, ndlr). C\u2019est dommage que je n\u2019y aille pas, parce que j\u2019aurais aim\u00e9 y \u00eatre et peut-\u00eatre me battre avec Mathieu Van der Poel, mais je veux penser davantage \u00e0 la route\u00a0\u00bb, conclut <strong>Tom Pidcock<\/strong>, dans une interview accord\u00e9e au m\u00e9dia De Telegraaf.<\/p>\n","protected":false},"excerpt":{"rendered":"Apr\u00e8s une bataille acharn\u00e9e contre Corbin Strong (Israel Premier-Tech) sur l&rsquo;Arctic Race of Norway, o\u00f9 il a pris&hellip;\n","protected":false},"author":2,"featured_media":316427,"comment_status":"","ping_status":"","sticky":false,"template":"","format":"standard","meta":{"footnotes":""},"categories":[1411],"tags":[1154,207,1011,27,209,60,3318,208],"class_list":{"0":"post-316426","1":"post","2":"type-post","3":"status-publish","4":"format-standard","5":"has-post-thumbnail","7":"category-cyclisme","8":"tag-cycling","9":"tag-cyclisme","10":"tag-fr","11":"tag-france","12":"tag-route","13":"tag-sports","14":"tag-tour-d","15":"tag-velo"},"share_on_mastodon":{"url":"https:\/\/pubeurope.com\/@fr\/115021893079609916","error":""},"_links":{"self":[{"href":"https:\/\/www.europesays.com\/fr\/wp-json\/wp\/v2\/posts\/316426","targetHints":{"allow":["GET"]}}],"collection":[{"href":"https:\/\/www.europesays.com\/fr\/wp-json\/wp\/v2\/posts"}],"about":[{"href":"https:\/\/www.europesays.com\/fr\/wp-json\/wp\/v2\/types\/post"}],"author":[{"embeddable":true,"href":"https:\/\/www.europesays.com\/fr\/wp-json\/wp\/v2\/users\/2"}],"replies":[{"embeddable":true,"href":"https:\/\/www.europesays.com\/fr\/wp-json\/wp\/v2\/comments?post=316426"}],"version-history":[{"count":0,"href":"https:\/\/www.europesays.com\/fr\/wp-json\/wp\/v2\/posts\/316426\/revisions"}],"wp:featuredmedia":[{"embeddable":true,"href":"https:\/\/www.europesays.com\/fr\/wp-json\/wp\/v2\/media\/316427"}],"wp:attachment":[{"href":"https:\/\/www.europesays.com\/fr\/wp-json\/wp\/v2\/media?parent=316426"}],"wp:term":[{"taxonomy":"category","embeddable":true,"href":"https:\/\/www.europesays.com\/fr\/wp-json\/wp\/v2\/categories?post=316426"},{"taxonomy":"post_tag","embeddable":true,"href":"https:\/\/www.europesays.com\/fr\/wp-json\/wp\/v2\/tags?post=316426"}],"curies":[{"name":"wp","href":"https:\/\/api.w.org\/{rel}","templated":true}]}}