{"id":316434,"date":"2025-08-13T14:22:15","date_gmt":"2025-08-13T14:22:15","guid":{"rendered":"https:\/\/www.europesays.com\/fr\/316434\/"},"modified":"2025-08-13T14:22:15","modified_gmt":"2025-08-13T14:22:15","slug":"interview-livre-entre-archives-et-balades-armand-launay-redonne-vie-a-la-foret-de-bord-dans-leure","status":"publish","type":"post","link":"https:\/\/www.europesays.com\/fr\/316434\/","title":{"rendered":"Interview. Livre. Entre archives et balades, Armand Launay redonne vie \u00e0 la for\u00eat de Bord dans l&rsquo;Eure"},"content":{"rendered":"<p>            Par<br \/>\n        <strong><br \/>\n            <a href=\"https:\/\/actu.fr\/auteur\/beatrice-cherry-pellat\" title=\"Consulter tous les articles de B\u00e9atrice Cherry-Pellat\" rel=\"nofollow noopener\" target=\"_blank\">B\u00e9atrice Cherry-Pellat<\/a><br \/>\n        <\/strong><\/p>\n<p>        Publi\u00e9 le<\/p>\n<p>            13 ao\u00fbt 2025 \u00e0 16h20        <\/p>\n<p class=\"ac-article-content__question\">Vous \u00eates originaire de Pont-de-l\u2019Arche et vous vivez \u00e0 Mayotte, comment avez-vous travaill\u00e9 votre sujet sur la for\u00eat de Bord-Louviers ?<\/p>\n<p class=\" wall-content\">\u00c0 distance ! J\u2019ai commenc\u00e9 mes recherches en d\u00e9cembre\u00a02023 alors que j\u2019\u00e9tais en vacances ici. Je me suis rendu quotidiennement au P\u00f4le archives Seine-Eure, \u00e0 Louviers, pour entreprendre des recherches sur la for\u00eat de Bord. Je me suis \u00e9galement rendu aux archives d\u00e9partementales, \u00e0 Evreux. Et puis de chez moi, \u00e0 Mayotte, j\u2019ai poursuivi ce travail en fouillant dans des sources num\u00e9riques et en consultant les archives de la BnF. Il y a beaucoup d\u2019articles sur la for\u00eat de Bord mais aucun livre n\u2019avait \u00e9t\u00e9 publi\u00e9 jusque-l\u00e0.<\/p>\n<p>Ecrire un livre sur un endroit familier des habitants<\/p>\n<p class=\"ac-article-content__question wall-content\">Pourquoi avoir choisi d\u2019\u00e9crire un livre sur cette for\u00eat ?<\/p>\n<p class=\" wall-content\">J\u2019ai toujours connu cette for\u00eat. C\u2019est un endroit qui est familier aux habitants d\u2019ici. On y fait du sport, on s\u2019y prom\u00e8ne, on y pique-nique\u2026 Et au-del\u00e0 de nos loisirs du dimanche, cette for\u00eat est pr\u00e9cieuse. On a besoin de r\u00e9fl\u00e9chir \u00e0 sa pr\u00e9sence et \u00e0 son avenir. La for\u00eat pr\u00e9sente un int\u00e9r\u00eat collectif, elle nous interroge, il faut la pr\u00e9server.<\/p>\n<p class=\"ac-article-content__question wall-content\">Est-elle menac\u00e9e ?<\/p>\n<p class=\" wall-content\">Oui, il y a d\u00e9j\u00e0 le projet autoroutier dont on parle depuis de nombreuses ann\u00e9es. Cette construction r\u00e9duirait consid\u00e9rablement l\u2019espace vital des animaux, or, les grands animaux ont besoin d\u2019espaces sans route.<\/p>\n<p class=\"ac-article-content__question wall-content\">Vous abordez dans votre ouvrage l\u2019histoire de cette for\u00eat mais \u00e9galement la faune, la flore, ses ressources\u2026 Comment avez-vous travaill\u00e9 les aspects scientifiques ?<\/p>\n<p class=\" wall-content\">J\u2019ai travaill\u00e9 avec le service r\u00e9gional de l\u2019arch\u00e9ologie, pour comprendre la roche, les essences et s\u2019interroger sur le maintien de cette for\u00eat. C\u2019\u00e9tait la partie la plus complexe de la recherche. Je me suis \u00e9galement entretenu avec Alain Delannoy qui est naturaliste. Il m\u2019a \u00e9t\u00e9 d\u2019une aide pr\u00e9cieuse. J\u2019ai aussi re\u00e7u l\u2019aide du responsable de la for\u00eat de Bord-Louviers \u00e0 l\u2019ONF, Philippe Coudoulet. Et puis, j\u2019ai consult\u00e9 bien s\u00fbr de nombreux ouvrages scientifiques, sur les zones \u00e0 prot\u00e9ger et des ouvrages juridiques sur le respect des normes. C\u2019est un travail de vulgarisation.<\/p>\n<p>    <img   decoding=\"async\" loading=\"lazy\" class=\"size-large\" src=\"https:\/\/www.europesays.com\/fr\/wp-content\/uploads\/2025\/08\/12bb513e4e78616bb513e4e78d9bb5v-960x640.jpg\" alt=\"livre for\u00eat de Bord Armand Launay\" width=\"960\" height=\"640\"\/><br \/>\n    La for\u00eat de Bord-Louviers en photos-synth\u00e8se !, charmes actuels et pass\u00e9s, en partenariat avec l\u2019Agglom\u00e9ration Seine-Eure, 100 pages, 12\u00a0\u20ac. \u00a9B\u00e9atrice Cherry-PellatVid\u00e9os : en ce moment sur ActuDe la recherche \u00e0 la vulgarisation<\/p>\n<p class=\"ac-article-content__question wall-content\">Vous avez men\u00e9 des recherches tr\u00e8s approfondies pour un livre qui finalement est destin\u00e9 au grand public.<\/p>\n<p class=\" wall-content\">Oui mais avant d\u2019\u00e9diter ce livre, il existe un autre ouvrage qui compte 250 pages et qui se pr\u00e9sente comme un livre de recherches. J\u2019ai mis neuf mois \u00e0 r\u00e9diger ce livre puis une ann\u00e9e pour \u00e9crire La for\u00eat de Bord-Louviers en photos-synth\u00e8se !<\/p>\n<p class=\"ac-article-content__question wall-content\">Votre livre est pr\u00e9fac\u00e9 par le pr\u00e9sident de l\u2019Agglom\u00e9ration Seine-Eure, Bernard Leroy, et la vice-pr\u00e9sidente au tourisme, Nicole Labiche, quel r\u00f4le a jou\u00e9 l\u2019Agglo dans la publication de votre livre ?<\/p>\n<p class=\" wall-content\">Lorsque j\u2019ai commenc\u00e9 mes recherches sur la for\u00eat de Bord, j\u2019ai sollicit\u00e9 l\u2019Agglom\u00e9ration qui s\u2019est montr\u00e9e int\u00e9ress\u00e9e par mon travail puisqu\u2019elle a, parmi ses comp\u00e9tences, des missions foresti\u00e8res. Au fur et \u00e0 mesure de l\u2019\u00e9volution de mon travail, je les ai tenus au courant. Ces recherches servent aux services de l\u2019Agglom\u00e9ration et les \u00e9lus \u00e9taient int\u00e9ress\u00e9s pour \u00e9diter un ouvrage de vulgarisation qu\u2019ils pourront distribuer aupr\u00e8s de leurs partenaires.<\/p>\n<p class=\"ac-article-content__question wall-content\">Votre ouvrage contient de nombreuses photos, comment avez-vous travaill\u00e9 les visuels ?<\/p>\n<p class=\" wall-content\">J\u2019ai travaill\u00e9 avec le photographe normand Nicolas Letellier et la mise en page a \u00e9t\u00e9 r\u00e9alis\u00e9e par Yvon Ronnel qui est graphiste \u00e0 Saint-Pierre-l\u00e8s-Elbeuf.<\/p>\n<p class=\"ac-article-content__question wall-content\">Vous avez \u00e9dit\u00e9 combien d\u2019exemplaires de votre livre et o\u00f9 peut-on se le procurer ?<\/p>\n<p class=\" wall-content\">Il est imprim\u00e9 \u00e0 1 100 exemplaires et l\u2019Agglo en a command\u00e9 750. On peut le trouver chez Bulle de caf\u00e9 \u00e0 Pont-de-l\u2019Arche et dans les librairies La Verri\u00e8re \u00e0 Pont-de-l\u2019Arche et Quai des mots \u00e0 Louviers.<\/p>\n<blockquote class=\"ac-article-quote wall-content\">\n<p>Malgr\u00e9 la distance avec mon lieu de vie, je reste toujours aussi passionn\u00e9 par cette r\u00e9gion et son histoire<\/p>\n<p>Armand Launay<\/p><\/blockquote>\n<p class=\"ac-article-content__question wall-content\">Vous avez \u00e9crit plusieurs ouvrages sur l\u2019histoire locale, d\u2019o\u00f9 vous vient cet int\u00e9r\u00eat et est-il toujours vif en vivant \u00e0 Mayotte ?<\/p>\n<p class=\" wall-content\">Mon p\u00e8re est passionn\u00e9 d\u2019Histoire et ma m\u00e8re de lectures. J\u2019ai fait des \u00e9tudes d\u2019Histoire et de Sociologie et j\u2019aime la r\u00e9gion. J\u2019ai \u00e9crit plusieurs livres sur Pont-de-l\u2019Arche et les communes aux alentours, je tiens \u00e9galement un blog sur l\u2019histoire de la r\u00e9gion de Pont-de-l\u2019Arche. Malgr\u00e9 la distance avec mon lieu de vie, je reste toujours aussi passionn\u00e9 par cette r\u00e9gion et son histoire. J\u2019aimerais bien d\u2019ailleurs revenir vivre ici mais ma femme a toute sa famille \u00e0 Mayotte\u2026 Alors quand je viens ici, je suis un touriste, chez moi !<\/p>\n<p>Une conf\u00e9rence \u00e0 Tostes<\/p>\n<p>La mairie de Terres-de-Bord invite Armand Launay \u00e0 une conf\u00e9rence sur le th\u00e8me de la for\u00eat de Bord-Louviers, dimanche 17\u00a0ao\u00fbt \u00e0 partir de 15 h 30.<br \/>&#13;<br \/>\nL&rsquo;animation se tiendra \u00e0 la salle polyvalente de Tostes.<br \/>&#13;<br \/>\nL&rsquo;auteur du livre La for\u00eat de Bord-Louviers en photos-synth\u00e8se !, charmes actuels et pass\u00e9s, pr\u00e9sentera son ouvrage ainsi que des documents visuels. Armand Launay r\u00e9pondra aux questions du public.<\/p>\n<p>Un prochain livre sur la plaine du Vaudreuil<\/p>\n<p class=\"ac-article-content__question wall-content\">Et vous envisagez d\u2019\u00e9crire un livre sur l\u2019histoire de Mayotte ?<\/p>\n<p class=\" wall-content\">Oui, pourquoi pas mais l\u00e0-bas, je suis plus int\u00e9ress\u00e9 par la politique.<\/p>\n<p class=\"ac-article-content__question wall-content\">Vous avez un nouveau projet d\u2019\u00e9criture sur Pont-de-l\u2019Arche ?<\/p>\n<p class=\" wall-content\">J\u2019ai envie de m\u2019int\u00e9resser \u00e0 la plaine du Vaudreuil sous le regard des deux amants. Ce sera un livre sur la situation g\u00e9ographique de cette plaine et les l\u00e9gendes qui entourent la colline.<\/p>\n<p>Armand Launay d\u00e9dicacera son livre, La for\u00eat de Bord-Louviers en photos-synth\u00e8se !, charmes actuels et pass\u00e9s, samedi 16\u00a0ao\u00fbt \u00e0 partir de 10 h \u00e0 la librairie Quai des mots \u00e0 Louviers.<\/p>\n<p class=\" wall-content\">Suivez toute l\u2019actualit\u00e9 de vos villes et m\u00e9dias favoris en vous inscrivant \u00e0 <a href=\"https:\/\/moncompte.actu.fr\" title=\"D\u00e9couvez Mon Actu\" rel=\"nofollow noopener\" data-trk=\"{&quot;cta&quot;:{&quot;action&quot;:&quot;https:\\\/\\\/moncompte.actu.fr&quot;,&quot;category&quot;:&quot;mon compte&quot;,&quot;from&quot;:&quot;article footer&quot;,&quot;name&quot;:&quot;Mon actu&quot;,&quot;type&quot;:&quot;cta&quot;}}\" target=\"_blank\">Mon Actu<\/a>.<\/p>\n","protected":false},"excerpt":{"rendered":"Par B\u00e9atrice Cherry-Pellat Publi\u00e9 le 13 ao\u00fbt 2025 \u00e0 16h20 Vous \u00eates originaire de Pont-de-l\u2019Arche et vous vivez&hellip;\n","protected":false},"author":2,"featured_media":316435,"comment_status":"","ping_status":"","sticky":false,"template":"","format":"standard","meta":{"footnotes":""},"categories":[1357],"tags":[1379,58,59,5183,1011,27,1380,1652,2551],"class_list":{"0":"post-316434","1":"post","2":"type-post","3":"status-publish","4":"format-standard","5":"has-post-thumbnail","7":"category-livres","8":"tag-books","9":"tag-divertissement","10":"tag-entertainment","11":"tag-foret","12":"tag-fr","13":"tag-france","14":"tag-livres","15":"tag-loisirs-culture","16":"tag-patrimoine"},"share_on_mastodon":{"url":"https:\/\/pubeurope.com\/@fr\/115021909004248648","error":""},"_links":{"self":[{"href":"https:\/\/www.europesays.com\/fr\/wp-json\/wp\/v2\/posts\/316434","targetHints":{"allow":["GET"]}}],"collection":[{"href":"https:\/\/www.europesays.com\/fr\/wp-json\/wp\/v2\/posts"}],"about":[{"href":"https:\/\/www.europesays.com\/fr\/wp-json\/wp\/v2\/types\/post"}],"author":[{"embeddable":true,"href":"https:\/\/www.europesays.com\/fr\/wp-json\/wp\/v2\/users\/2"}],"replies":[{"embeddable":true,"href":"https:\/\/www.europesays.com\/fr\/wp-json\/wp\/v2\/comments?post=316434"}],"version-history":[{"count":0,"href":"https:\/\/www.europesays.com\/fr\/wp-json\/wp\/v2\/posts\/316434\/revisions"}],"wp:featuredmedia":[{"embeddable":true,"href":"https:\/\/www.europesays.com\/fr\/wp-json\/wp\/v2\/media\/316435"}],"wp:attachment":[{"href":"https:\/\/www.europesays.com\/fr\/wp-json\/wp\/v2\/media?parent=316434"}],"wp:term":[{"taxonomy":"category","embeddable":true,"href":"https:\/\/www.europesays.com\/fr\/wp-json\/wp\/v2\/categories?post=316434"},{"taxonomy":"post_tag","embeddable":true,"href":"https:\/\/www.europesays.com\/fr\/wp-json\/wp\/v2\/tags?post=316434"}],"curies":[{"name":"wp","href":"https:\/\/api.w.org\/{rel}","templated":true}]}}