{"id":316436,"date":"2025-08-13T14:23:13","date_gmt":"2025-08-13T14:23:13","guid":{"rendered":"https:\/\/www.europesays.com\/fr\/316436\/"},"modified":"2025-08-13T14:23:13","modified_gmt":"2025-08-13T14:23:13","slug":"surface-france-2-annonce-la-date-de-diffusion-de-sa-serie-evenement-de-la-rentree-avec-laura-smet-et-tomer-sisley","status":"publish","type":"post","link":"https:\/\/www.europesays.com\/fr\/316436\/","title":{"rendered":"\u00ab\u00a0Surface\u00a0\u00bb : France 2 annonce la date de diffusion de sa s\u00e9rie \u00e9v\u00e9nement de la rentr\u00e9e avec Laura Smet et Tomer Sisley"},"content":{"rendered":"<p>            <img loading=\"lazy\" decoding=\"async\" src=\"https:\/\/www.europesays.com\/fr\/wp-content\/uploads\/2025\/04\/91f0667af8d5f95d-35x35-1.png\" class=\"author-article-picture\" width=\"35\" height=\"35\"\/><\/p>\n<p>                Par<br \/>\n                                    <a class=\"author-article-bio-link\" href=\"https:\/\/www.ozap.com\/auteur\/raphael-gioia_a93\" rel=\"nofollow noopener\" target=\"_blank\">Rapha\u00ebl Gioia<\/a><br \/>\n                                                    | Journaliste<\/p>\n<p>\n                Des go\u00fbters devant le Club Doroth\u00e9e aux soir\u00e9es pizza\/\u00a0\u00bbKoh-Lanta\u00a0\u00bb, il y a quelques pas de c\u00f4t\u00e9 que cet enfant du bitume a effectu\u00e9 pour transformer un rituel sacr\u00e9 en piges passionn\u00e9es.\n            <\/p>\n<p>\n    Cette fiction de six \u00e9pisodes est l&rsquo;adaptation d&rsquo;un roman policier sign\u00e9 Olivier Norek.\n<\/p>\n<p>                            <img loading=\"lazy\" decoding=\"async\" class=\"player-thumbnail\" src=\"https:\/\/www.europesays.com\/fr\/wp-content\/uploads\/2025\/08\/d39eb0a9e671128e-580x326-2.png\" width=\"580\" height=\"326\"\/><\/p>\n<p>                    La bande-annonce de \u00ab\u00a0Surface\u00a0\u00bb, disponible d\u00e8s le 1er septembre sur France 2. \u00a9 Christophe Brachet \u2013 Quad Drama \u2013 France T\u00e9l\u00e9visions<\/p>\n<p>La suite apr\u00e8s la publicit\u00e9<\/p>\n<p>France T\u00e9l\u00e9visions attend beaucoup de sa s\u00e9rie \u00e9v\u00e9nement de la rentr\u00e9e. Le groupe audiovisuel public a profit\u00e9 <a href=\"https:\/\/www.ozap.com\/actu\/audiences-quel-bilan-pour-le-tour-de-france-2025-sur-france-2-et-france-3\/650971\" rel=\"nofollow noopener\" target=\"_blank\">des excellentes audiences du Tour de France<\/a> en juillet pour diffuser en avant-premi\u00e8re des bandes-annonces de \u00ab\u00a0Surface\u00a0\u00bb, son gros projet de fiction de la rentr\u00e9e. Cette mini-s\u00e9rie de six \u00e9pisodes r\u00e9alis\u00e9e par Slimane-Baptiste Berhoun d\u00e9barque en effet le jeudi 21 ao\u00fbt en streaming sur sa plateforme <strong>France.tv<\/strong>, et le lundi 1er septembre sur la Deux. Ce soir-l\u00e0, les t\u00e9l\u00e9spectateurs d\u00e9couvriront d\u00e8s 21h05 les deux premiers \u00e9pisodes de cette adaptation d&rsquo;un ouvrage \u00e9ponyme, \u00e9crit par Olivier Norek, un ancien policier devenu romancier \u00e0 succ\u00e8s.\u00a0<\/p>\n<p>Laura Smet dans un r\u00f4le de femme puissante<\/p>\n<p>Au casting de ce thriller rural aux airs de western figurent deux com\u00e9diens bien connus : <a href=\"https:\/\/www.ozap.com\/personnalite\/laura-smet_e107\" rel=\"nofollow noopener\" target=\"_blank\">Laura Smet<\/a> et <a href=\"https:\/\/www.ozap.com\/personnalite\/tomer-sisley_e1013\" rel=\"nofollow noopener\" target=\"_blank\">Tomer Sisley<\/a>. Ils forment le duo gagnant de cette distribution compl\u00e9t\u00e9e par des acteurs moins renomm\u00e9s mais talentueux (Th\u00e9o Costa-Marini, Florence Muller, Otis Ngoi, Quentin Laclotte Parmentier, Pauline Serieys,&#8230;). La fille de Johnny Hallyday et Nathalie Baye, qui \u00e9tait d\u00e9j\u00e0 apparue sur France 2 il y a quelques ann\u00e9es dans \u00ab\u00a0La gar\u00e7onne\u00a0\u00bb, joue une flic d\u00e9figur\u00e9e et n&rsquo;a pas <a href=\"https:\/\/www.ozap.com\/actu\/-je-n-ai-pas-hesite-laura-smet-se-confie-sur-son-role-de-flic-defiguree-dans-une-serie-de-france-2-avec-tomer-sisley\/644976\" rel=\"nofollow noopener\" target=\"_blank\">\u00ab\u00a0h\u00e9sit\u00e9\u00a0\u00bb \u00e0 appara\u00eetre balafr\u00e9e devant les cam\u00e9ras<\/a>. \u00ab\u00a0J&rsquo;ai commenc\u00e9 ma carri\u00e8re en me rasant la t\u00eate, je suis habitu\u00e9e aux transformations ! Ici, ce n&rsquo;est pas gratuit, cela raconte son personnage, son traumatisme, et qui elle est. Cela m&rsquo;a aid\u00e9 \u00e0 jouer\u00a0\u00bb, confiait-elle dans les colonnes du \u00ab\u00a0Parisien\u00a0\u00bb au sujet de son r\u00f4le de femme \u00ab\u00a0\u00e0 la faille apparente\u00a0\u00bb. Son personnage de polici\u00e8re parisienne parachut\u00e9e dans un village d&rsquo;Occitanie enqu\u00eatera aupr\u00e8s d\u2019un plongeur incarn\u00e9 par Tomer Sisley. Ce dernier retrouve Slimane-Baptiste Berhoun, avec qui il a d\u00e9j\u00e0 travaill\u00e9 dans <a href=\"https:\/\/www.ozap.com\/actu\/-vortex-tomer-sisley-voyage-dans-le-temps-dans-une-nouvelle-serie-en-tournage-pour-france-2\/607593\" rel=\"nofollow noopener\" target=\"_blank\">\u00ab\u00a0Vortex\u00a0\u00bb pour la Deux<\/a>.<\/p>\n<p>A lire aussi : <a href=\"https:\/\/www.ozap.com\/actu\/le-serpent-debarque-ce-lundi-sur-france-2-quelle-est-l-histoire-vraie-derriere-la-serie-avec-tahar-rahim\/650885\" rel=\"nofollow noopener\" target=\"_blank\"><strong>\u00ab\u00a0Le serpent\u00a0\u00bb d\u00e9barque ce lundi sur France 2 : Quelle est l&rsquo;histoire vraie derri\u00e8re la s\u00e9rie avec Tahar Rahim ?<\/strong><\/a><\/p>\n<p>De quoi parle cette nouvelle s\u00e9rie par les cr\u00e9ateurs de Vortex ?<\/p>\n<p>Leurs personnages seront au centre d&rsquo;une intrigue polici\u00e8re au style sombre, \u00e2pre et centr\u00e9e sur la qu\u00eate de r\u00e9demption. Le pitch, communiqu\u00e9 par France T\u00e9l\u00e9visions, promet une \u00e9criture soign\u00e9e. \u00ab\u00a0Affect\u00e9e dans un commissariat d\u2019une petite ville d\u2019Occitanie apr\u00e8s une intervention qui a d\u00e9figur\u00e9 la moiti\u00e9 de son visage, la capitaine de police parisienne No\u00e9mie Chastain voit sa mission de convalescence forc\u00e9e prendre une sombre tournure. Alors qu\u2019elle devait faire un rapport sur l\u2019activit\u00e9 du commissariat et son \u00e9ventuelle fermeture, elle se retrouve soudainement plong\u00e9e dans une affaire de disparition datant d\u2019il y a vingt ans. Un f\u00fbt contenant le squelette d\u2019un enfant remonte \u00e0 la surface du lac artificiel, au fond duquel repose l\u2019ancien village englouti\u2026 En d\u00e9pit de sa hi\u00e9rarchie qui la consid\u00e8re fragile, la capitaine saisit \u00e0 bras le corps cette affaire. Mais au travers de cette \u00e9trange enqu\u00eate, elle verra tout un pan enfoui de sa propre vie, refaire surface lui aussi\u00a0\u00bb. Ce r\u00e9cit soign\u00e9 sera sans doute sublim\u00e9 par une mise en sc\u00e8ne \u00e9blouissante, avec notamment des s\u00e9quences sous-marines qui devraient laisser les spectateurs en apn\u00e9e.<\/p>\n","protected":false},"excerpt":{"rendered":"Par Rapha\u00ebl Gioia | Journaliste Des go\u00fbters devant le Club Doroth\u00e9e aux soir\u00e9es pizza\/\u00a0\u00bbKoh-Lanta\u00a0\u00bb, il y a quelques&hellip;\n","protected":false},"author":2,"featured_media":316437,"comment_status":"","ping_status":"","sticky":false,"template":"","format":"standard","meta":{"footnotes":""},"categories":[1356],"tags":[58,59,1011,27,252,1364],"class_list":{"0":"post-316436","1":"post","2":"type-post","3":"status-publish","4":"format-standard","5":"has-post-thumbnail","7":"category-television","8":"tag-divertissement","9":"tag-entertainment","10":"tag-fr","11":"tag-france","12":"tag-television","13":"tag-tv"},"share_on_mastodon":{"url":"https:\/\/pubeurope.com\/@fr\/115021913087461697","error":""},"_links":{"self":[{"href":"https:\/\/www.europesays.com\/fr\/wp-json\/wp\/v2\/posts\/316436","targetHints":{"allow":["GET"]}}],"collection":[{"href":"https:\/\/www.europesays.com\/fr\/wp-json\/wp\/v2\/posts"}],"about":[{"href":"https:\/\/www.europesays.com\/fr\/wp-json\/wp\/v2\/types\/post"}],"author":[{"embeddable":true,"href":"https:\/\/www.europesays.com\/fr\/wp-json\/wp\/v2\/users\/2"}],"replies":[{"embeddable":true,"href":"https:\/\/www.europesays.com\/fr\/wp-json\/wp\/v2\/comments?post=316436"}],"version-history":[{"count":0,"href":"https:\/\/www.europesays.com\/fr\/wp-json\/wp\/v2\/posts\/316436\/revisions"}],"wp:featuredmedia":[{"embeddable":true,"href":"https:\/\/www.europesays.com\/fr\/wp-json\/wp\/v2\/media\/316437"}],"wp:attachment":[{"href":"https:\/\/www.europesays.com\/fr\/wp-json\/wp\/v2\/media?parent=316436"}],"wp:term":[{"taxonomy":"category","embeddable":true,"href":"https:\/\/www.europesays.com\/fr\/wp-json\/wp\/v2\/categories?post=316436"},{"taxonomy":"post_tag","embeddable":true,"href":"https:\/\/www.europesays.com\/fr\/wp-json\/wp\/v2\/tags?post=316436"}],"curies":[{"name":"wp","href":"https:\/\/api.w.org\/{rel}","templated":true}]}}