{"id":31644,"date":"2025-04-17T12:23:18","date_gmt":"2025-04-17T12:23:18","guid":{"rendered":"https:\/\/www.europesays.com\/fr\/31644\/"},"modified":"2025-04-17T12:23:18","modified_gmt":"2025-04-17T12:23:18","slug":"grenoble-un-homme-blesse-par-balle-dans-un-quartier-en-proie-au-trafic-de-drogue","status":"publish","type":"post","link":"https:\/\/www.europesays.com\/fr\/31644\/","title":{"rendered":"Grenoble\u00a0: un homme bless\u00e9 par balle dans un quartier en proie au trafic de drogue"},"content":{"rendered":"<p class=\"paragraph text_align_left\">Un homme a \u00e9t\u00e9 retrouv\u00e9 mercredi bless\u00e9 par balle dans un v\u00e9hicule <a href=\"https:\/\/www.leparisien.fr\/isere-38\/un-mort-et-un-blesse-dans-une-fusillade-a-grenoble-23-10-2024-P47JROZ3MNBXFHHGZJJ4SAQF2E.php\" target=\"_blank\" rel=\"nofollow noopener\">\u00e0 Grenoble<\/a> (Is\u00e8re), a annonc\u00e9 une source polici\u00e8re qui confirme une information du quotidien <a href=\"https:\/\/www.ledauphine.com\/faits-divers-justice\/2025\/04\/16\/un-homme-blesse-par-balle-dans-le-quartier-de-la-villeneuve\" target=\"_blank\" rel=\"nofollow noopener\">Le Dauphin\u00e9 Lib\u00e9r\u00e9.<\/a> Il a \u00e9t\u00e9 d\u00e9couvert dans le quartier de la Villeneuve, \u00ab\u00a0th\u00e9\u00e2tre de trafics de stup\u00e9fiants\u00a0\u00bb dans le sud de la ville, selon la m\u00eame source.<\/p>\n<p class=\"paragraph text_align_left\">La victime, quadrag\u00e9naire, a \u00e9t\u00e9 transport\u00e9e \u00e0 l\u2019h\u00f4pital et \u00ab\u00a0une enqu\u00eate est en cours, confi\u00e9e \u00e0 la Division de la Criminalit\u00e9 organis\u00e9e et sp\u00e9cialis\u00e9e (DCOS) de Grenoble\u00a0\u00bb, a pr\u00e9cis\u00e9 cette source \u00e0 l\u2019AFP sans donner plus de d\u00e9tails.<\/p>\n<p class=\"paragraph text_align_left\">Selon les informations du Dauphin\u00e9 Lib\u00e9r\u00e9, plusieurs coups de feu auraient \u00e9t\u00e9 entendus dans le m\u00eame quartier un peu plus t\u00f4t.<\/p>\n<p>\u00ab\u00a0Guerre de gangs\u00a0\u00bb<\/p>\n<p class=\"paragraph text_align_left\">Les \u00e9pisodes de violence par arme \u00e0 feu li\u00e9s au trafic de drogue sont fr\u00e9quents \u00e0 Grenoble et sa banlieue, les autorit\u00e9s n\u2019h\u00e9sitant plus \u00e0 parler de \u00ab\u00a0guerre des gangs\u00a0\u00bb.<\/p>\n<p class=\"paragraph text_align_left\">Le 17\u00a0mars, <a href=\"https:\/\/www.leparisien.fr\/faits-divers\/deux-fusillades-lundi-soir-a-grenoble-deux-jeunes-dont-un-mineur-blesses-par-balle-18-03-2025-EJWTSY4XLZGM5D4QHDHZS7T4VA.php\" target=\"_blank\" rel=\"nofollow noopener\">deux jeunes hommes dont un mineur avaient \u00e9t\u00e9 bless\u00e9s par ball<\/a><a href=\"https:\/\/www.leparisien.fr\/faits-divers\/deux-fusillades-lundi-soir-a-grenoble-deux-jeunes-dont-un-mineur-blesses-par-balle-18-03-2025-EJWTSY4XLZGM5D4QHDHZS7T4VA.php\" target=\"_blank\" rel=\"nofollow noopener\">e<\/a> dans le chef-lieu de l\u2019Is\u00e8re, dont l\u2019un, \u00e2g\u00e9 de 21 ans, \u00e0 la Villeneuve. Le 24\u00a0janvier, deux hommes de 17 et 19 ans avaient \u00e9t\u00e9 \u00e9galement bless\u00e9s par balles dans une fusillade pr\u00e8s d\u2019un point de deal de la Villeneuve.<\/p>\n","protected":false},"excerpt":{"rendered":"Un homme a \u00e9t\u00e9 retrouv\u00e9 mercredi bless\u00e9 par balle dans un v\u00e9hicule \u00e0 Grenoble (Is\u00e8re), a annonc\u00e9 une&hellip;\n","protected":false},"author":2,"featured_media":31645,"comment_status":"","ping_status":"","sticky":false,"template":"","format":"standard","meta":{"footnotes":""},"categories":[9566],"tags":[1111,11,2430,459,1777,674,118,1011,27,2731,12,25],"class_list":{"0":"post-31644","1":"post","2":"type-post","3":"status-publish","4":"format-standard","5":"has-post-thumbnail","7":"category-grenoble","8":"tag-actu","9":"tag-actualites","10":"tag-auvergne-rhone-alpes","11":"tag-departements-horsidfo","12":"tag-eu","13":"tag-europe","14":"tag-faits-divers","15":"tag-fr","16":"tag-france","17":"tag-grenoble","18":"tag-news","19":"tag-republique-francaise"},"share_on_mastodon":{"url":"https:\/\/pubeurope.com\/@fr\/114353288403941419","error":""},"_links":{"self":[{"href":"https:\/\/www.europesays.com\/fr\/wp-json\/wp\/v2\/posts\/31644","targetHints":{"allow":["GET"]}}],"collection":[{"href":"https:\/\/www.europesays.com\/fr\/wp-json\/wp\/v2\/posts"}],"about":[{"href":"https:\/\/www.europesays.com\/fr\/wp-json\/wp\/v2\/types\/post"}],"author":[{"embeddable":true,"href":"https:\/\/www.europesays.com\/fr\/wp-json\/wp\/v2\/users\/2"}],"replies":[{"embeddable":true,"href":"https:\/\/www.europesays.com\/fr\/wp-json\/wp\/v2\/comments?post=31644"}],"version-history":[{"count":0,"href":"https:\/\/www.europesays.com\/fr\/wp-json\/wp\/v2\/posts\/31644\/revisions"}],"wp:featuredmedia":[{"embeddable":true,"href":"https:\/\/www.europesays.com\/fr\/wp-json\/wp\/v2\/media\/31645"}],"wp:attachment":[{"href":"https:\/\/www.europesays.com\/fr\/wp-json\/wp\/v2\/media?parent=31644"}],"wp:term":[{"taxonomy":"category","embeddable":true,"href":"https:\/\/www.europesays.com\/fr\/wp-json\/wp\/v2\/categories?post=31644"},{"taxonomy":"post_tag","embeddable":true,"href":"https:\/\/www.europesays.com\/fr\/wp-json\/wp\/v2\/tags?post=31644"}],"curies":[{"name":"wp","href":"https:\/\/api.w.org\/{rel}","templated":true}]}}