{"id":316442,"date":"2025-08-13T14:26:11","date_gmt":"2025-08-13T14:26:11","guid":{"rendered":"https:\/\/www.europesays.com\/fr\/316442\/"},"modified":"2025-08-13T14:26:11","modified_gmt":"2025-08-13T14:26:11","slug":"cest-le-combo-parfait-pour-eux-en-ile-de-france-pluies-et-chaleur-assurent-un-bel-ete-aux-moustiques-le-parisien","status":"publish","type":"post","link":"https:\/\/www.europesays.com\/fr\/316442\/","title":{"rendered":"\u00ab C\u2019est le combo parfait pour eux \u00bb : en \u00cele-de-France, pluies et chaleur assurent un bel \u00e9t\u00e9 aux moustiques &#8211; Le Parisien"},"content":{"rendered":"<ol>\n<li><a href=\"https:\/\/news.google.com\/rss\/articles\/CBMijwJBVV95cUxQOHZNYnNwM2ktWVdQNWVfS0Q5eEMzUVdXQlcyeHhSRjRydEZ6cU42RzZkdGlsUEJIOG5PcURXQkRRcl9raXNfMDlqSGN3a09ObW9jWE1wU3Q1OTNmN3pJUjBVeHRDa0xORDd2S3VrazZOZ0hZVFVxb2ZCcHVYOXdjOTFWbTlBZmIzVVEzMWgzcjdhb0NjZzdRT1dIdFhuNDBlLUlsSjB5WnNtQmJDUnRhWldRY3htWEd5azNRbUFlOWM0bUZBYWx5Q2hFc3JSVmxSeEthVnJwTmR0Um5OWEZXellXdUNfRVpTRXFFMzRHZ2VXZjdfaHV5dzdXTUhiMFdBQVh1NXBvcW1IRTI2dlBN?oc=5\" target=\"_blank\" rel=\"nofollow noopener\">\u00ab C\u2019est le combo parfait pour eux \u00bb : en \u00cele-de-France, pluies et chaleur assurent un bel \u00e9t\u00e9 aux moustiques<\/a>&nbsp;&nbsp;Le Parisien<\/li>\n<li><a href=\"https:\/\/news.google.com\/rss\/articles\/CBMi-gFBVV95cUxNUlc0djNjak9jNGpzalRoTzhLbXJpQ3owM1ZVcndpb2RnQU5sM1ZkSkNyVlBpNjJIeDBSLTIzaVRINXJYQTZ2NW8tTmFOV04yeUpJR09GalNuV2luS25ZVHZfd3BQZFJIVnVoS3hHSGNraS1ib2NVLVAwUTJSVEplUDlhU090T0ViS2gzWm1pdWR1a2hOelVoUmdNTlFLX05PNy1SZ2lwdG0yV3A5Y09uZ1BLQ2ZfMDBZNFR0OHUwRU5vSXVTYl9OUE1NSjhYVFN5Y1Z3UUo1Uml5NnVyRFJjbnBheV9DNlV6UG1TWWFvRTBDNUYzQWVxSFFB?oc=5\" target=\"_blank\" rel=\"nofollow noopener\">Moustiques tigres : des pi\u00e8ges pour limiter sa reproduction bient\u00f4t distribu\u00e9s par l\u2019agglom\u00e9ration du Grand Villeneuvois<\/a>&nbsp;&nbsp;ladepeche.fr<\/li>\n<li><a href=\"https:\/\/news.google.com\/rss\/articles\/CBMi1AFBVV95cUxOSEJna1RrVlFGRzJRdUZkWURpQTRDenNTZHVBNDNfQS1MS3V5Wjd5N291VlFiMDR1YVlLckVZd0stWmhVR1hSSV8wSGx4SFZVcmN0MUVlQjNSOW0yVndqZEpnQmtpUmxkZlo3MjhPTjFnNjk3aUxGSXBuXzVubkdveF9VOHFRSWtxdERoaEpXaVdOdGkyOE54ZHRrNlhRNTJRY0JBeTktZnNxTUxNWmlTa0JYOTJ3NDZnVzBuZ3lyX3oxRlN2Qm91XzRLd1M0Z2NyVnBZcw?oc=5\" target=\"_blank\" rel=\"nofollow noopener\">Op\u00e9ration d\u00e9moustication \u00e0 Bergerac, \u00e0 la suite d\u2019un nouveau cas d\u2019arbovirose<\/a>&nbsp;&nbsp;Sud Ouest<\/li>\n<li><a href=\"https:\/\/news.google.com\/rss\/articles\/CBMi8gFBVV95cUxPV3JKY1pTTTRqMUdiRkI4Rjg3Zk5EaGZJTEJFRUpkMHZTTDE5Z2RnZU5uQlY4aTl2TEpSZll4TklvTkNlZ1Z6QlVVU2VhSV9jNDZEMXRqR09lQ1BSMU5OaU05bDhEeUhEVGZmTjFWU0luVFdZclRtcVVnaF9CcWxmWS1lZlpiMVg0ZklCeXBJZktaM2VIVjI4bTJ2TXE5WW9YdVVTUVR0el9oSzdiaUFTZVp1NzNic0FuWjU3dm9sMjBaV3BjeWpnN2VTd1pZSnhEWDJyVjh0aVVYOGwzSWVpbmw1VFRfSnVTX29DSlVKMmhWUQ?oc=5\" target=\"_blank\" rel=\"nofollow noopener\">Le dessin de Chaunu : la progression du moustique tigre dans l\u2019Hexagone<\/a>&nbsp;&nbsp;Ouest-France<\/li>\n<li><a href=\"https:\/\/news.google.com\/rss\/articles\/CBMixwFBVV95cUxORU83YUpGS0Y1V2dWUnhoWjZrNU02Uk05LVdIN0lfOXJQR21FbWhSdW5OdGdWTFpHeXZwclVyOHU3VFF5QnFYUDhPMnpGWGh0NW9POWJGTjJTRDJXNnQ5dTBHQ3lMLWhQY21oQV83b01WckFucWE0OTlJVDJvcXRZWUFxSThjaE9ad0pSNGtpeDhoR040RDYxTVhhVTc5OHQxdUhKblJHaTQtdEVpLWhmWFFsdmVOQm91ZU16d2ZHa3cyc1c4c2RR?oc=5\" target=\"_blank\" rel=\"nofollow noopener\">Buxerolles : que faire contre les moustiques tigres ?<\/a>&nbsp;&nbsp;Radio France<\/li>\n<\/ol>\n","protected":false},"excerpt":{"rendered":"\u00ab C\u2019est le combo parfait pour eux \u00bb : en \u00cele-de-France, pluies et chaleur assurent un bel \u00e9t\u00e9&hellip;\n","protected":false},"author":2,"featured_media":316443,"comment_status":"","ping_status":"","sticky":false,"template":"","format":"standard","meta":{"footnotes":""},"categories":[10],"tags":[1011,27,72,71,104],"class_list":{"0":"post-316442","1":"post","2":"type-post","3":"status-publish","4":"format-standard","5":"has-post-thumbnail","7":"category-sante","8":"tag-fr","9":"tag-france","10":"tag-health","11":"tag-sante","12":"tag-societe"},"share_on_mastodon":{"url":"https:\/\/pubeurope.com\/@fr\/115021924524986096","error":""},"_links":{"self":[{"href":"https:\/\/www.europesays.com\/fr\/wp-json\/wp\/v2\/posts\/316442","targetHints":{"allow":["GET"]}}],"collection":[{"href":"https:\/\/www.europesays.com\/fr\/wp-json\/wp\/v2\/posts"}],"about":[{"href":"https:\/\/www.europesays.com\/fr\/wp-json\/wp\/v2\/types\/post"}],"author":[{"embeddable":true,"href":"https:\/\/www.europesays.com\/fr\/wp-json\/wp\/v2\/users\/2"}],"replies":[{"embeddable":true,"href":"https:\/\/www.europesays.com\/fr\/wp-json\/wp\/v2\/comments?post=316442"}],"version-history":[{"count":0,"href":"https:\/\/www.europesays.com\/fr\/wp-json\/wp\/v2\/posts\/316442\/revisions"}],"wp:featuredmedia":[{"embeddable":true,"href":"https:\/\/www.europesays.com\/fr\/wp-json\/wp\/v2\/media\/316443"}],"wp:attachment":[{"href":"https:\/\/www.europesays.com\/fr\/wp-json\/wp\/v2\/media?parent=316442"}],"wp:term":[{"taxonomy":"category","embeddable":true,"href":"https:\/\/www.europesays.com\/fr\/wp-json\/wp\/v2\/categories?post=316442"},{"taxonomy":"post_tag","embeddable":true,"href":"https:\/\/www.europesays.com\/fr\/wp-json\/wp\/v2\/tags?post=316442"}],"curies":[{"name":"wp","href":"https:\/\/api.w.org\/{rel}","templated":true}]}}